{"id":66307,"date":"2023-11-08T16:14:58","date_gmt":"2023-11-08T19:14:58","guid":{"rendered":"https:\/\/crarn.org.br\/?p=66307"},"modified":"2023-11-08T16:15:00","modified_gmt":"2023-11-08T19:15:00","slug":"cra-rn-recebe-alunos-da-faculdade-catolica-do-rn","status":"publish","type":"post","link":"https:\/\/crarn.org.br\/?p=66307","title":{"rendered":"CRA-RN recebe alunos da Faculdade Cat\u00f3lica do RN"},"content":{"rendered":"\n\n\n<p>O CRA-RN recebeu, na manh\u00e3 desta quarta-feira (08\/11), a visita t\u00e9cnica de alunos dos cursos de Administra\u00e7\u00e3o e Ci\u00eancias Cont\u00e1beis da Faculdade Cat\u00f3lica do RN, sediada em Mossor\u00f3.<\/p>\n<p>A turma veio acompanhada pela coordenadora de est\u00e1gios, Profa. Nat\u00e1lia Queiroz e pela Profa. Jane Elly foi recebida pelo presidente do Conselho, Adm. Fl\u00e1vio Em\u00edlio Cavalcanti.<\/p>\n<p>Fl\u00e1vio Em\u00edlio falou aos estudantes sobre o que \u00e9 Administra\u00e7\u00e3o, quando fez um relato sobre o hist\u00f3rico da profiss\u00e3o e do CRA-RN, detalhando a miss\u00e3o do regional, como funciona o Sistema CFA\/CRAs e a localiza\u00e7\u00e3o do RN, no contexto nacional.<\/p>\n<p>Em sequ\u00eancia, apresentou a diretoria e equipe; falou sobre exemplos de gest\u00f5es de sucesso; o que empres\u00e1rios\/ empregadores esperam do administrador; import\u00e2ncia do registro, funcionamento da fiscaliza\u00e7\u00e3o e finalizou divulgando os canais de comunica\u00e7\u00e3o do Sistema, como a Revista RBA, CFA Play, R\u00e1dio ADM, etc.<\/p>\n<p>Ap\u00f3s a explana\u00e7\u00e3o do presidente do conselho, os alunos foram apresentados \u00e0 diretora Administrativa Financeira, Adm. C\u00e9lia Ribeiro e tiveram uma apresenta\u00e7\u00e3o do presidente do Centro Acad\u00eamico de Administra\u00e7\u00e3o da UFRN, Ailton Costa.<\/p>\n<p>Ailton falou sobre a import\u00e2ncia da representa\u00e7\u00e3o estudantil, quando destacou o papel dos professores na conscientiza\u00e7\u00e3o dos alunos e, ao final, interagiu com os estudantes, que comentaram sobre a sua vis\u00e3o a respeito do curso e as dificuldades encontradas.<\/p>\n<button class=\"simplefavorite-button\" data-postid=\"66307\" data-siteid=\"1\" data-groupid=\"1\" data-favoritecount=\"0\" style=\"\">Favorite <i class=\"sf-icon-star-empty\"><\/i><\/button>","protected":false},"excerpt":{"rendered":"<p>O CRA-RN recebeu, na manh\u00e3 desta quarta-feira (08\/11), a visita t\u00e9cnica de alunos dos cursos de Administra\u00e7\u00e3o e Ci\u00eancias Cont\u00e1beis da Faculdade Cat\u00f3lica do RN, sediada em Mossor\u00f3. A turma veio acompanhada pela coordenadora de est\u00e1gios, Profa. Nat\u00e1lia Queiroz e pela Profa. Jane Elly foi recebida pelo presidente do Conselho, Adm. Fl\u00e1vio Em\u00edlio Cavalcanti. Fl\u00e1vio<a class=\"read-more\" href=\"https:\/\/crarn.org.br\/?p=66307\"> [&hellip;]<\/a><\/p>\n","protected":false},"author":26,"featured_media":66308,"comment_status":"closed","ping_status":"open","sticky":true,"template":"","format":"standard","meta":{"_price":"","_stock":"","_tribe_ticket_header":"","_tribe_default_ticket_provider":"","_tribe_ticket_capacity":"0","_ticket_start_date":"","_ticket_end_date":"","_tribe_ticket_show_description":"","_tribe_ticket_show_not_going":false,"_tribe_ticket_use_global_stock":"","_tribe_ticket_global_stock_level":"","_global_stock_mode":"","_global_stock_cap":"","_tribe_rsvp_for_event":"","_tribe_ticket_going_count":"","_tribe_ticket_not_going_count":"","_tribe_tickets_list":"[]","_tribe_ticket_has_attendee_info_fields":false,"footnotes":"","_links_to":"","_links_to_target":""},"categories":[549,310,320,399,309],"tags":[],"class_list":["post-66307","post","type-post","status-publish","format-standard","has-post-thumbnail","hentry","category-ano-2023","category-destaque-grande","category-home","category-institucional","category-ultimas-noticias","entry","has-media"],"_links":{"self":[{"href":"https:\/\/crarn.org.br\/index.php?rest_route=\/wp\/v2\/posts\/66307","targetHints":{"allow":["GET"]}}],"collection":[{"href":"https:\/\/crarn.org.br\/index.php?rest_route=\/wp\/v2\/posts"}],"about":[{"href":"https:\/\/crarn.org.br\/index.php?rest_route=\/wp\/v2\/types\/post"}],"author":[{"embeddable":true,"href":"https:\/\/crarn.org.br\/index.php?rest_route=\/wp\/v2\/users\/26"}],"replies":[{"embeddable":true,"href":"https:\/\/crarn.org.br\/index.php?rest_route=%2Fwp%2Fv2%2Fcomments&post=66307"}],"version-history":[{"count":1,"href":"https:\/\/crarn.org.br\/index.php?rest_route=\/wp\/v2\/posts\/66307\/revisions"}],"predecessor-version":[{"id":66309,"href":"https:\/\/crarn.org.br\/index.php?rest_route=\/wp\/v2\/posts\/66307\/revisions\/66309"}],"wp:featuredmedia":[{"embeddable":true,"href":"https:\/\/crarn.org.br\/index.php?rest_route=\/wp\/v2\/media\/66308"}],"wp:attachment":[{"href":"https:\/\/crarn.org.br\/index.php?rest_route=%2Fwp%2Fv2%2Fmedia&parent=66307"}],"wp:term":[{"taxonomy":"category","embeddable":true,"href":"https:\/\/crarn.org.br\/index.php?rest_route=%2Fwp%2Fv2%2Fcategories&post=66307"},{"taxonomy":"post_tag","embeddable":true,"href":"https:\/\/crarn.org.br\/index.php?rest_route=%2Fwp%2Fv2%2Ftags&post=66307"}],"curies":[{"name":"wp","href":"https:\/\/api.w.org\/{rel}","templated":true}]}}