{"id":66302,"date":"2023-11-07T15:17:09","date_gmt":"2023-11-07T18:17:09","guid":{"rendered":"https:\/\/crarn.org.br\/?p=66302"},"modified":"2023-11-07T15:19:44","modified_gmt":"2023-11-07T18:19:44","slug":"cra-rn-faz-palestra-na-uern-mossoro","status":"publish","type":"post","link":"https:\/\/crarn.org.br\/?p=66302","title":{"rendered":"CRA-RN faz palestra na UERN Mossor\u00f3"},"content":{"rendered":"\n<p>Na noite desta segunda-feira (06\/11), o presidente do CRA-RN, Adm. Fl\u00e1vio Em\u00edlio Cavalcanti esteve na UERN, em Mossor\u00f3.<\/p>\n<p>Durante a visita, que faz parte das a\u00e7\u00f5es de aproxima\u00e7\u00e3o do regional com as IES, o presidente fez uma palestra para os alunos do curso de Administra\u00e7\u00e3o da institui\u00e7\u00e3o sobre \u201cOportunidades de atua\u00e7\u00e3o na \u00e1rea de Administra\u00e7\u00e3o\u201d.<\/p>\n<p>Em sua exposi\u00e7\u00e3o, Fl\u00e1vio, abordou a profiss\u00e3o e seus v\u00e1rios campos de atua\u00e7\u00e3o; falou sobre o conselho; o CRA Jovem e a import\u00e2ncia do registro para o exerc\u00edcio legal da profiss\u00e3o.<\/p>\n<p>Participaram da palestra, a pr\u00f3-reitora de Administra\u00e7\u00e3o, Profa. Dra. Simone Gurgel de Brito; a chefe do departamento de Administra\u00e7\u00e3o, Profa. Ma. Vera Lucia Lopes de Oliveira e o subchefe, Prof. Dr. S\u00e9rgio Luiz Freire da Costa; a professora e coordenadora de Est\u00e1gio Supervisionado Obrigat\u00f3rio, Profa. Dra. Andrea Kaliany da Costa Lima; o coordenador da Linha de Pesquisa: Gest\u00e3o de Pessoas do Grupo TEARH, Prof. Dr. Antonio Pereira Junior e a Coordenadora do Centro de Incuba\u00e7\u00e3o Tecnol\u00f3gica do Semi\u00e1rido, Profa. Esp. Jacinta de F\u00e1tima Martins Malala, al\u00e9m dos estudantes.<\/p>\n<button class=\"simplefavorite-button\" data-postid=\"66302\" data-siteid=\"1\" data-groupid=\"1\" data-favoritecount=\"1\" style=\"\">Favorite <i class=\"sf-icon-star-empty\"><\/i><\/button>","protected":false},"excerpt":{"rendered":"<p>Na noite desta segunda-feira (06\/11), o presidente do CRA-RN, Adm. Fl\u00e1vio Em\u00edlio Cavalcanti esteve na UERN, em Mossor\u00f3. Durante a visita, que faz parte das a\u00e7\u00f5es de aproxima\u00e7\u00e3o do regional com as IES, o presidente fez uma palestra para os alunos do curso de Administra\u00e7\u00e3o da institui\u00e7\u00e3o sobre \u201cOportunidades de atua\u00e7\u00e3o na \u00e1rea de Administra\u00e7\u00e3o\u201d.<a class=\"read-more\" href=\"https:\/\/crarn.org.br\/?p=66302\"> [&hellip;]<\/a><\/p>\n","protected":false},"author":26,"featured_media":66303,"comment_status":"closed","ping_status":"open","sticky":true,"template":"","format":"standard","meta":{"_price":"","_stock":"","_tribe_ticket_header":"","_tribe_default_ticket_provider":"","_tribe_ticket_capacity":"0","_ticket_start_date":"","_ticket_end_date":"","_tribe_ticket_show_description":"","_tribe_ticket_show_not_going":false,"_tribe_ticket_use_global_stock":"","_tribe_ticket_global_stock_level":"","_global_stock_mode":"","_global_stock_cap":"","_tribe_rsvp_for_event":"","_tribe_ticket_going_count":"","_tribe_ticket_not_going_count":"","_tribe_tickets_list":"[]","_tribe_ticket_has_attendee_info_fields":false,"footnotes":"","_links_to":"","_links_to_target":""},"categories":[549,312,320,399,309],"tags":[],"class_list":["post-66302","post","type-post","status-publish","format-standard","has-post-thumbnail","hentry","category-ano-2023","category-destaque-pequeno-inferior","category-home","category-institucional","category-ultimas-noticias","entry","has-media"],"_links":{"self":[{"href":"https:\/\/crarn.org.br\/index.php?rest_route=\/wp\/v2\/posts\/66302","targetHints":{"allow":["GET"]}}],"collection":[{"href":"https:\/\/crarn.org.br\/index.php?rest_route=\/wp\/v2\/posts"}],"about":[{"href":"https:\/\/crarn.org.br\/index.php?rest_route=\/wp\/v2\/types\/post"}],"author":[{"embeddable":true,"href":"https:\/\/crarn.org.br\/index.php?rest_route=\/wp\/v2\/users\/26"}],"replies":[{"embeddable":true,"href":"https:\/\/crarn.org.br\/index.php?rest_route=%2Fwp%2Fv2%2Fcomments&post=66302"}],"version-history":[{"count":2,"href":"https:\/\/crarn.org.br\/index.php?rest_route=\/wp\/v2\/posts\/66302\/revisions"}],"predecessor-version":[{"id":66305,"href":"https:\/\/crarn.org.br\/index.php?rest_route=\/wp\/v2\/posts\/66302\/revisions\/66305"}],"wp:featuredmedia":[{"embeddable":true,"href":"https:\/\/crarn.org.br\/index.php?rest_route=\/wp\/v2\/media\/66303"}],"wp:attachment":[{"href":"https:\/\/crarn.org.br\/index.php?rest_route=%2Fwp%2Fv2%2Fmedia&parent=66302"}],"wp:term":[{"taxonomy":"category","embeddable":true,"href":"https:\/\/crarn.org.br\/index.php?rest_route=%2Fwp%2Fv2%2Fcategories&post=66302"},{"taxonomy":"post_tag","embeddable":true,"href":"https:\/\/crarn.org.br\/index.php?rest_route=%2Fwp%2Fv2%2Ftags&post=66302"}],"curies":[{"name":"wp","href":"https:\/\/api.w.org\/{rel}","templated":true}]}}