{"id":66282,"date":"2023-10-20T14:30:53","date_gmt":"2023-10-20T17:30:53","guid":{"rendered":"https:\/\/crarn.org.br\/?p=66282"},"modified":"2023-10-23T10:31:40","modified_gmt":"2023-10-23T13:31:40","slug":"cra-rn-recebe-presidente-do-cfa-adm-leonardo-macedo","status":"publish","type":"post","link":"https:\/\/crarn.org.br\/?p=66282","title":{"rendered":"CRA-RN recebe presidente do CFA, Adm. Leonardo Mac\u00eado"},"content":{"rendered":"\n<p>Na manh\u00e3 desta sexta-feira (20\/10), o CRA-RN realizou a plen\u00e1ria do m\u00eas de outubro com a participa\u00e7\u00e3o do presidente do CFA, Adm. Leonardo Mac\u00eado e do diretor de Fiscaliza\u00e7\u00e3o e Registro, Adm. S\u00e9rgio Rauber.<\/p>\n<p>Ao abrir a reuni\u00e3o, o presidente do CRA-RN, Adm. Fl\u00e1vio Em\u00edlio Cavalcanti, falou da satisfa\u00e7\u00e3o em contar com a participa\u00e7\u00e3o dos representantes do federal e apresentou os diretores, conselheiros e a equipe de servidores do regional, presentes.<\/p>\n<p>O Adm. Leonardo Mac\u00eado, falou da honra em estar no regional como presidente do CFA, agradeceu todo o trabalho que foi feito at\u00e9 chegar ao posto, com a ajuda dos regionais, incluindo o Rio Grande do Norte e relembrou o que aprendeu sobre as pol\u00edticas necess\u00e1rias para fazer os regionais, quando foi presidente do CRA-CE, durante oito anos.<\/p>\n<p>Ao falar sobre a import\u00e2ncia de valorizar a profiss\u00e3o, o presidente destacou os esfor\u00e7os dispendidos para estruturar a fiscaliza\u00e7\u00e3o. \u00a0\u201cNossa miss\u00e3o \u00e9 liderar a valoriza\u00e7\u00e3o da nossa profiss\u00e3o. A nossa bandeira principal para este bi\u00eanio 23\/24 \u00e9 a fiscaliza\u00e7\u00e3o e para isto a nossa equipe da C\u00e2mara de Fiscaliza\u00e7\u00e3o e Registro est\u00e1 interagindo com os regionais e fazendo treinamentos. N\u00f3s queremos participar auxiliando os regionais para que eles cumpram a miss\u00e3o. Podem demandar do CFA, no que preciso for\u201d, afirmou.<\/p>\n<p>O presidente Leonardo apresentou ainda o Plano Executivo sobre \u201cA Fiscaliza\u00e7\u00e3o e os Cargos Comissionados\u201d, citando a jurisprud\u00eancia, a Lei Jereissati, prospec\u00e7\u00e3o de dados e mapeamento de cargos comissionados. Em seguida, o diretor de Fiscaliza\u00e7\u00e3o e Registro do CFA, Adm. S\u00e9rgio Rauber, falou sobre o Prospecta PJ, ferramenta criada pelo federal com o objetivo de prospectar Pessoas Jur\u00eddicas que possuem o CNAE na \u00e1rea de Administra\u00e7\u00e3o.<\/p>\n<p>Participaram da plen\u00e1ria, al\u00e9m dos presidentes do CRA-RN e CFA e do diretor de Fiscaliza\u00e7\u00e3o e Registro do CFA, o conselheiro federal pelo RN, Adm. J\u00falio Rezende e o suplente, Adm. Sandro Pacheco; o vice-presidente, Adm. Cl\u00e1udio Bessa de Menezes; a diretora Administrativa Financeira, Adm. C\u00e9lia Ribeiro; a diretora de Forma\u00e7\u00e3o Profissional, Adm. Val\u00e9ria Ara\u00fajo e os conselheiros efetivos, Adm. Rodrigo Fortunato de Oliveira Alves, Adm. Di\u00eago Dantas. \u00a0Tamb\u00e9m estavam presentes os suplentes, Adm. Maria das Neves Maia; Adm. Alice Dantas, Adm. Gabriela Saldanha e o Adm. Djosete Santos da Costa.<\/p>\n<p>Ao final das apresenta\u00e7\u00f5es de cada uma das diretorias do regional, a reuni\u00e3o foi encerrada com uma entrega de lembran\u00e7as aos visitantes.<\/p>\n<p>\u00a0<\/p>\n<button class=\"simplefavorite-button\" data-postid=\"66282\" data-siteid=\"1\" data-groupid=\"1\" data-favoritecount=\"0\" style=\"\">Favorite <i class=\"sf-icon-star-empty\"><\/i><\/button>","protected":false},"excerpt":{"rendered":"<p>Na manh\u00e3 desta sexta-feira (20\/10), o CRA-RN realizou a plen\u00e1ria do m\u00eas de outubro com a participa\u00e7\u00e3o do presidente do CFA, Adm. Leonardo Mac\u00eado e do diretor de Fiscaliza\u00e7\u00e3o e Registro, Adm. S\u00e9rgio Rauber. Ao abrir a reuni\u00e3o, o presidente do CRA-RN, Adm. Fl\u00e1vio Em\u00edlio Cavalcanti, falou da satisfa\u00e7\u00e3o em contar com a participa\u00e7\u00e3o dos<a class=\"read-more\" href=\"https:\/\/crarn.org.br\/?p=66282\"> [&hellip;]<\/a><\/p>\n","protected":false},"author":26,"featured_media":66283,"comment_status":"closed","ping_status":"open","sticky":true,"template":"","format":"standard","meta":{"_price":"","_stock":"","_tribe_ticket_header":"","_tribe_default_ticket_provider":"","_tribe_ticket_capacity":"0","_ticket_start_date":"","_ticket_end_date":"","_tribe_ticket_show_description":"","_tribe_ticket_show_not_going":false,"_tribe_ticket_use_global_stock":"","_tribe_ticket_global_stock_level":"","_global_stock_mode":"","_global_stock_cap":"","_tribe_rsvp_for_event":"","_tribe_ticket_going_count":"","_tribe_ticket_not_going_count":"","_tribe_tickets_list":"[]","_tribe_ticket_has_attendee_info_fields":false,"footnotes":"","_links_to":"","_links_to_target":""},"categories":[549,310,320,399,309],"tags":[],"class_list":["post-66282","post","type-post","status-publish","format-standard","has-post-thumbnail","hentry","category-ano-2023","category-destaque-grande","category-home","category-institucional","category-ultimas-noticias","entry","has-media"],"_links":{"self":[{"href":"https:\/\/crarn.org.br\/index.php?rest_route=\/wp\/v2\/posts\/66282","targetHints":{"allow":["GET"]}}],"collection":[{"href":"https:\/\/crarn.org.br\/index.php?rest_route=\/wp\/v2\/posts"}],"about":[{"href":"https:\/\/crarn.org.br\/index.php?rest_route=\/wp\/v2\/types\/post"}],"author":[{"embeddable":true,"href":"https:\/\/crarn.org.br\/index.php?rest_route=\/wp\/v2\/users\/26"}],"replies":[{"embeddable":true,"href":"https:\/\/crarn.org.br\/index.php?rest_route=%2Fwp%2Fv2%2Fcomments&post=66282"}],"version-history":[{"count":2,"href":"https:\/\/crarn.org.br\/index.php?rest_route=\/wp\/v2\/posts\/66282\/revisions"}],"predecessor-version":[{"id":66286,"href":"https:\/\/crarn.org.br\/index.php?rest_route=\/wp\/v2\/posts\/66282\/revisions\/66286"}],"wp:featuredmedia":[{"embeddable":true,"href":"https:\/\/crarn.org.br\/index.php?rest_route=\/wp\/v2\/media\/66283"}],"wp:attachment":[{"href":"https:\/\/crarn.org.br\/index.php?rest_route=%2Fwp%2Fv2%2Fmedia&parent=66282"}],"wp:term":[{"taxonomy":"category","embeddable":true,"href":"https:\/\/crarn.org.br\/index.php?rest_route=%2Fwp%2Fv2%2Fcategories&post=66282"},{"taxonomy":"post_tag","embeddable":true,"href":"https:\/\/crarn.org.br\/index.php?rest_route=%2Fwp%2Fv2%2Ftags&post=66282"}],"curies":[{"name":"wp","href":"https:\/\/api.w.org\/{rel}","templated":true}]}}