{"id":66278,"date":"2023-10-12T23:02:02","date_gmt":"2023-10-13T02:02:02","guid":{"rendered":"https:\/\/crarn.org.br\/?p=66278"},"modified":"2023-10-12T23:36:09","modified_gmt":"2023-10-13T02:36:09","slug":"cra-rn-participa-do-enbra-2023","status":"publish","type":"post","link":"https:\/\/crarn.org.br\/?p=66278","title":{"rendered":"CRA-RN participa do ENBRA 2023"},"content":{"rendered":"\n<p>O CRA-RN se fez presente no XXVIII Encontro Brasileiro de Administra\u00e7\u00e3o \u2013 ENBRA, realizado em Belo Horizonte, Minas Gerais, Nos dias 4, 5 e 6 de outubro.<\/p>\n<p>A comitiva do regional potiguar foi formada pelo presidente, Adm. Fl\u00e1vio Em\u00edlio Cavalcanti; conselheiro federal, Adm. J\u00falio Rezende; diretora Administrativa Financeira, Adm. C\u00e9lia Ribeiro; conselheiros efetivos Adm. Di\u00eago de Lima Dantas, Adm. Jos\u00e9 Allyson Souza Ara\u00fajo, Adm. Rodrigo Fortunato de Oliveira Alves; conselheiras suplentes Adm. Alice Dantas de Medeiros, Adm. Gabriella Gon\u00e7alves Saldanha e Adm. Maria das Neves Mariz Maia, al\u00e9m da ex-presidente e ex-conselheira federal, Adm. Ione Sal\u00e9m e das servidoras, Adm. Silvana Avelar e Adm. Lidiane Pessoa.<\/p>\n<p>O evento, que teve como tema principal \u201cDisruptividade: estrat\u00e9gias e desafios da Administra\u00e7\u00e3o\u201d, foi aberto na noite do dia 04, com apresenta\u00e7\u00f5es musicais e um desfile das bandeiras do Pa\u00eds, onde a bandeira do RN foi conduzida pelo presidente do CRA-RN, Adm. Fl\u00e1vio Em\u00edlio e pelo conselheiro federal, Adm. J\u00falio Rezende.<\/p>\n<p>A cerim\u00f4nia abriu dois dias de discuss\u00e3o em 14 pain\u00e9is com a participa\u00e7\u00e3o de 22 palestrantes e contou com a palestra do empreendedor digital Walter Longo, que tratou sobre as revolu\u00e7\u00f5es tecnol\u00f3gicas nas \u00faltimas d\u00e9cadas.<\/p>\n<p>O empreendedorismo feminino foi destaque no Enbra e a conselheira suplente, coordenadora da Comiss\u00e3o ADM Mulher e mestre em administra\u00e7\u00e3o, Alice Dantas, apresentou do Case da @inovatixmulher. A startup potiguar apoia mulheres diagnosticadas com c\u00e2ncer de mama, atrav\u00e9s de Certifica\u00e7\u00e3o de Responsabilidade Social para empresas e o desenvolvimento de compet\u00eancias Empreendedoras para esse grupo de mulheres, facilitando o retorno delas ao trabalho.<\/p>\n<p>\u00a0<\/p>\n<p>*Com informa\u00e7\u00f5es do www.cfa.org.br<\/p>\n<p>\u00a0<\/p>\n<button class=\"simplefavorite-button\" data-postid=\"66278\" data-siteid=\"1\" data-groupid=\"1\" data-favoritecount=\"0\" style=\"\">Favorite <i class=\"sf-icon-star-empty\"><\/i><\/button>","protected":false},"excerpt":{"rendered":"<p>O CRA-RN se fez presente no XXVIII Encontro Brasileiro de Administra\u00e7\u00e3o \u2013 ENBRA, realizado em Belo Horizonte, Minas Gerais, Nos dias 4, 5 e 6 de outubro. A comitiva do regional potiguar foi formada pelo presidente, Adm. Fl\u00e1vio Em\u00edlio Cavalcanti; conselheiro federal, Adm. J\u00falio Rezende; diretora Administrativa Financeira, Adm. C\u00e9lia Ribeiro; conselheiros efetivos Adm. Di\u00eago<a class=\"read-more\" href=\"https:\/\/crarn.org.br\/?p=66278\"> [&hellip;]<\/a><\/p>\n","protected":false},"author":26,"featured_media":66279,"comment_status":"closed","ping_status":"open","sticky":true,"template":"","format":"standard","meta":{"_price":"","_stock":"","_tribe_ticket_header":"","_tribe_default_ticket_provider":"","_tribe_ticket_capacity":"0","_ticket_start_date":"","_ticket_end_date":"","_tribe_ticket_show_description":"","_tribe_ticket_show_not_going":false,"_tribe_ticket_use_global_stock":"","_tribe_ticket_global_stock_level":"","_global_stock_mode":"","_global_stock_cap":"","_tribe_rsvp_for_event":"","_tribe_ticket_going_count":"","_tribe_ticket_not_going_count":"","_tribe_tickets_list":"[]","_tribe_ticket_has_attendee_info_fields":false,"footnotes":"","_links_to":"","_links_to_target":""},"categories":[549,310,320,399,309],"tags":[],"class_list":["post-66278","post","type-post","status-publish","format-standard","has-post-thumbnail","hentry","category-ano-2023","category-destaque-grande","category-home","category-institucional","category-ultimas-noticias","entry","has-media"],"_links":{"self":[{"href":"https:\/\/crarn.org.br\/index.php?rest_route=\/wp\/v2\/posts\/66278","targetHints":{"allow":["GET"]}}],"collection":[{"href":"https:\/\/crarn.org.br\/index.php?rest_route=\/wp\/v2\/posts"}],"about":[{"href":"https:\/\/crarn.org.br\/index.php?rest_route=\/wp\/v2\/types\/post"}],"author":[{"embeddable":true,"href":"https:\/\/crarn.org.br\/index.php?rest_route=\/wp\/v2\/users\/26"}],"replies":[{"embeddable":true,"href":"https:\/\/crarn.org.br\/index.php?rest_route=%2Fwp%2Fv2%2Fcomments&post=66278"}],"version-history":[{"count":2,"href":"https:\/\/crarn.org.br\/index.php?rest_route=\/wp\/v2\/posts\/66278\/revisions"}],"predecessor-version":[{"id":66281,"href":"https:\/\/crarn.org.br\/index.php?rest_route=\/wp\/v2\/posts\/66278\/revisions\/66281"}],"wp:featuredmedia":[{"embeddable":true,"href":"https:\/\/crarn.org.br\/index.php?rest_route=\/wp\/v2\/media\/66279"}],"wp:attachment":[{"href":"https:\/\/crarn.org.br\/index.php?rest_route=%2Fwp%2Fv2%2Fmedia&parent=66278"}],"wp:term":[{"taxonomy":"category","embeddable":true,"href":"https:\/\/crarn.org.br\/index.php?rest_route=%2Fwp%2Fv2%2Fcategories&post=66278"},{"taxonomy":"post_tag","embeddable":true,"href":"https:\/\/crarn.org.br\/index.php?rest_route=%2Fwp%2Fv2%2Ftags&post=66278"}],"curies":[{"name":"wp","href":"https:\/\/api.w.org\/{rel}","templated":true}]}}