{"id":66272,"date":"2023-10-09T17:00:00","date_gmt":"2023-10-09T20:00:00","guid":{"rendered":"https:\/\/crarn.org.br\/?p=66272"},"modified":"2023-10-09T17:00:02","modified_gmt":"2023-10-09T20:00:02","slug":"fiscalizacao-do-cra-rn-continua-na-regiao-assu-mossoro","status":"publish","type":"post","link":"https:\/\/crarn.org.br\/?p=66272","title":{"rendered":"Fiscaliza\u00e7\u00e3o do CRA-RN continua na Regi\u00e3o Assu\/Mossor\u00f3"},"content":{"rendered":"\n<p>Dando continuidade \u00e0s a\u00e7\u00f5es na regi\u00e3o Assu\/Mossor\u00f3 a equipe de Fiscaliza\u00e7\u00e3o do CRA-RN esteve nos munic\u00edpios de Tibau e Bara\u00fana, na \u00faltima quinta-feira (05\/10).<\/p>\n<p>Em Tibau, a coordenadora de Fiscaliza\u00e7\u00e3o, Adm. Tatiana Costa Pinto e o administrador fiscal, Adm. F\u00e1bio Maia, participaram de reuni\u00e3o com o secret\u00e1rio de Administra\u00e7\u00e3o e Planejamento, Manoel Ant\u00f4nio do Nascimento Neto e, em Bara\u00fana, conversaram com a secret\u00e1ria de Administra\u00e7\u00e3o, Lenice Dantas e representantes da Comiss\u00e3o de Licita\u00e7\u00e3o e do setor de Recursos Humanos do munic\u00edpio.<\/p>\n<p>Em ambas as cidades, a equipe continuou o trabalho de orienta\u00e7\u00e3o e sensibiliza\u00e7\u00e3o junto aos representantes das gest\u00f5es municipais j\u00e1 desenvolvidos em v\u00e1rios munic\u00edpios do estado.<\/p>\n<p>A pauta das reuni\u00f5es incluiu a composi\u00e7\u00e3o do quadro de pessoal, de car\u00e1ter efetivo e seu impacto sobre a gest\u00e3o municipal, bem como o incentivo \u00e0 exist\u00eancia de previsibilidade legal para profissionais de Administra\u00e7\u00e3o; orienta\u00e7\u00e3o sobre a obrigatoriedade de registro de empresas contratadas pela prefeitura, cujo objeto do servi\u00e7o seja em algum dos campos de atua\u00e7\u00e3o do Administrador e apresenta\u00e7\u00e3o dos dispositivos que tratam da Supervis\u00e3o de Est\u00e1gio em \u00e1rea da Administra\u00e7\u00e3o, que exigem a supervis\u00e3o por profissional registado no CRA.<\/p>\n<button class=\"simplefavorite-button\" data-postid=\"66272\" data-siteid=\"1\" data-groupid=\"1\" data-favoritecount=\"0\" style=\"\">Favorite <i class=\"sf-icon-star-empty\"><\/i><\/button>","protected":false},"excerpt":{"rendered":"<p>Dando continuidade \u00e0s a\u00e7\u00f5es na regi\u00e3o Assu\/Mossor\u00f3 a equipe de Fiscaliza\u00e7\u00e3o do CRA-RN esteve nos munic\u00edpios de Tibau e Bara\u00fana, na \u00faltima quinta-feira (05\/10). Em Tibau, a coordenadora de Fiscaliza\u00e7\u00e3o, Adm. Tatiana Costa Pinto e o administrador fiscal, Adm. F\u00e1bio Maia, participaram de reuni\u00e3o com o secret\u00e1rio de Administra\u00e7\u00e3o e Planejamento, Manoel Ant\u00f4nio do Nascimento<a class=\"read-more\" href=\"https:\/\/crarn.org.br\/?p=66272\"> [&hellip;]<\/a><\/p>\n","protected":false},"author":26,"featured_media":66275,"comment_status":"closed","ping_status":"open","sticky":true,"template":"","format":"standard","meta":{"_price":"","_stock":"","_tribe_ticket_header":"","_tribe_default_ticket_provider":"","_tribe_ticket_capacity":"0","_ticket_start_date":"","_ticket_end_date":"","_tribe_ticket_show_description":"","_tribe_ticket_show_not_going":false,"_tribe_ticket_use_global_stock":"","_tribe_ticket_global_stock_level":"","_global_stock_mode":"","_global_stock_cap":"","_tribe_rsvp_for_event":"","_tribe_ticket_going_count":"","_tribe_ticket_not_going_count":"","_tribe_tickets_list":"[]","_tribe_ticket_has_attendee_info_fields":false,"footnotes":"","_links_to":"","_links_to_target":""},"categories":[549,312,320,399,309],"tags":[],"class_list":["post-66272","post","type-post","status-publish","format-standard","has-post-thumbnail","hentry","category-ano-2023","category-destaque-pequeno-inferior","category-home","category-institucional","category-ultimas-noticias","entry","has-media"],"_links":{"self":[{"href":"https:\/\/crarn.org.br\/index.php?rest_route=\/wp\/v2\/posts\/66272","targetHints":{"allow":["GET"]}}],"collection":[{"href":"https:\/\/crarn.org.br\/index.php?rest_route=\/wp\/v2\/posts"}],"about":[{"href":"https:\/\/crarn.org.br\/index.php?rest_route=\/wp\/v2\/types\/post"}],"author":[{"embeddable":true,"href":"https:\/\/crarn.org.br\/index.php?rest_route=\/wp\/v2\/users\/26"}],"replies":[{"embeddable":true,"href":"https:\/\/crarn.org.br\/index.php?rest_route=%2Fwp%2Fv2%2Fcomments&post=66272"}],"version-history":[{"count":1,"href":"https:\/\/crarn.org.br\/index.php?rest_route=\/wp\/v2\/posts\/66272\/revisions"}],"predecessor-version":[{"id":66274,"href":"https:\/\/crarn.org.br\/index.php?rest_route=\/wp\/v2\/posts\/66272\/revisions\/66274"}],"wp:featuredmedia":[{"embeddable":true,"href":"https:\/\/crarn.org.br\/index.php?rest_route=\/wp\/v2\/media\/66275"}],"wp:attachment":[{"href":"https:\/\/crarn.org.br\/index.php?rest_route=%2Fwp%2Fv2%2Fmedia&parent=66272"}],"wp:term":[{"taxonomy":"category","embeddable":true,"href":"https:\/\/crarn.org.br\/index.php?rest_route=%2Fwp%2Fv2%2Fcategories&post=66272"},{"taxonomy":"post_tag","embeddable":true,"href":"https:\/\/crarn.org.br\/index.php?rest_route=%2Fwp%2Fv2%2Ftags&post=66272"}],"curies":[{"name":"wp","href":"https:\/\/api.w.org\/{rel}","templated":true}]}}