{"id":66265,"date":"2023-10-05T15:37:24","date_gmt":"2023-10-05T18:37:24","guid":{"rendered":"https:\/\/crarn.org.br\/?p=66265"},"modified":"2023-10-05T15:38:39","modified_gmt":"2023-10-05T18:38:39","slug":"fiscalizacao-do-cra-rn-em-acao-na-regiao-assu-mossoro","status":"publish","type":"post","link":"https:\/\/crarn.org.br\/?p=66265","title":{"rendered":"Fiscaliza\u00e7\u00e3o do CRA-RN em a\u00e7\u00e3o na Regi\u00e3o Assu\/Mossor\u00f3"},"content":{"rendered":"\n<p>A equipe de Fiscaliza\u00e7\u00e3o do CRA-RN esteve em tr\u00eas munic\u00edpios da regi\u00e3o Assu\/Mossor\u00f3, na \u00faltima quarta-feira (04\/10).<\/p>\n<p>A coordenadora de Fiscaliza\u00e7\u00e3o e o administrador fiscal, Adm. Tatiana Costa Pinto e Adm. F\u00e1bio Maia, respectivamente, estiveram nas sedes das prefeituras de Serra do Mel, Alto do Rodrigues e Carnaubais.<\/p>\n<p>Em cada uma das prefeituras, a equipe desenvolveu um trabalho de orienta\u00e7\u00e3o e sensibiliza\u00e7\u00e3o junto aos representantes das gest\u00f5es municipais onde abordaram sobre a composi\u00e7\u00e3o do quadro de pessoal, de car\u00e1ter efetivo e seu impacto sobre a gest\u00e3o municipal, bem como o incentivo \u00e0 exist\u00eancia de previsibilidade legal para profissionais de Administra\u00e7\u00e3o; orientaram sobre a obrigatoriedade de registro de empresas contratadas pela prefeitura, cujo objeto do servi\u00e7o seja em algum dos campos de atua\u00e7\u00e3o do Administrador e apresentaram os dispositivos que tratam da Supervis\u00e3o de Est\u00e1gio em \u00e1rea da Administra\u00e7\u00e3o, que exigem a supervis\u00e3o por profissional registado no CRA.<\/p>\n<p>Tamb\u00e9m foram apresentados os \u00edndices de gest\u00e3o dos munic\u00edpios, tendo como base o IGM CFA, uma ferramenta criada para auxiliar gestores municipais a visualizar as necessidades e boas pr\u00e1ticas de sua regi\u00e3o, priorizar pol\u00edticas p\u00fablicas, al\u00e9m de promover o debate sobre a import\u00e2ncia da gest\u00e3o municipal profissional.<\/p>\n<button class=\"simplefavorite-button\" data-postid=\"66265\" data-siteid=\"1\" data-groupid=\"1\" data-favoritecount=\"0\" style=\"\">Favorite <i class=\"sf-icon-star-empty\"><\/i><\/button>","protected":false},"excerpt":{"rendered":"<p>A equipe de Fiscaliza\u00e7\u00e3o do CRA-RN esteve em tr\u00eas munic\u00edpios da regi\u00e3o Assu\/Mossor\u00f3, na \u00faltima quarta-feira (04\/10). A coordenadora de Fiscaliza\u00e7\u00e3o e o administrador fiscal, Adm. Tatiana Costa Pinto e Adm. F\u00e1bio Maia, respectivamente, estiveram nas sedes das prefeituras de Serra do Mel, Alto do Rodrigues e Carnaubais. Em cada uma das prefeituras, a equipe<a class=\"read-more\" href=\"https:\/\/crarn.org.br\/?p=66265\"> [&hellip;]<\/a><\/p>\n","protected":false},"author":26,"featured_media":66266,"comment_status":"closed","ping_status":"open","sticky":true,"template":"","format":"standard","meta":{"_price":"","_stock":"","_tribe_ticket_header":"","_tribe_default_ticket_provider":"","_tribe_ticket_capacity":"0","_ticket_start_date":"","_ticket_end_date":"","_tribe_ticket_show_description":"","_tribe_ticket_show_not_going":false,"_tribe_ticket_use_global_stock":"","_tribe_ticket_global_stock_level":"","_global_stock_mode":"","_global_stock_cap":"","_tribe_rsvp_for_event":"","_tribe_ticket_going_count":"","_tribe_ticket_not_going_count":"","_tribe_tickets_list":"[]","_tribe_ticket_has_attendee_info_fields":false,"footnotes":"","_links_to":"","_links_to_target":""},"categories":[549,311,399,309],"tags":[],"class_list":["post-66265","post","type-post","status-publish","format-standard","has-post-thumbnail","hentry","category-ano-2023","category-destaque-pequeno-superior","category-institucional","category-ultimas-noticias","entry","has-media"],"_links":{"self":[{"href":"https:\/\/crarn.org.br\/index.php?rest_route=\/wp\/v2\/posts\/66265","targetHints":{"allow":["GET"]}}],"collection":[{"href":"https:\/\/crarn.org.br\/index.php?rest_route=\/wp\/v2\/posts"}],"about":[{"href":"https:\/\/crarn.org.br\/index.php?rest_route=\/wp\/v2\/types\/post"}],"author":[{"embeddable":true,"href":"https:\/\/crarn.org.br\/index.php?rest_route=\/wp\/v2\/users\/26"}],"replies":[{"embeddable":true,"href":"https:\/\/crarn.org.br\/index.php?rest_route=%2Fwp%2Fv2%2Fcomments&post=66265"}],"version-history":[{"count":1,"href":"https:\/\/crarn.org.br\/index.php?rest_route=\/wp\/v2\/posts\/66265\/revisions"}],"predecessor-version":[{"id":66267,"href":"https:\/\/crarn.org.br\/index.php?rest_route=\/wp\/v2\/posts\/66265\/revisions\/66267"}],"wp:featuredmedia":[{"embeddable":true,"href":"https:\/\/crarn.org.br\/index.php?rest_route=\/wp\/v2\/media\/66266"}],"wp:attachment":[{"href":"https:\/\/crarn.org.br\/index.php?rest_route=%2Fwp%2Fv2%2Fmedia&parent=66265"}],"wp:term":[{"taxonomy":"category","embeddable":true,"href":"https:\/\/crarn.org.br\/index.php?rest_route=%2Fwp%2Fv2%2Fcategories&post=66265"},{"taxonomy":"post_tag","embeddable":true,"href":"https:\/\/crarn.org.br\/index.php?rest_route=%2Fwp%2Fv2%2Ftags&post=66265"}],"curies":[{"name":"wp","href":"https:\/\/api.w.org\/{rel}","templated":true}]}}