{"id":66260,"date":"2023-10-04T16:19:47","date_gmt":"2023-10-04T19:19:47","guid":{"rendered":"https:\/\/crarn.org.br\/?p=66260"},"modified":"2023-10-04T16:19:49","modified_gmt":"2023-10-04T19:19:49","slug":"cra-rn-participa-do-forum-de-presidentes-do-sistema-cfa-cras-2","status":"publish","type":"post","link":"https:\/\/crarn.org.br\/?p=66260","title":{"rendered":"CRA-RN participa do F\u00f3rum de Presidentes do Sistema CFA\/CRAs"},"content":{"rendered":"\n<p>O presidente do CRA-RN, Adm. Fl\u00e1vio Em\u00edlio Cavalcanti, participa, nesta quarta-feira (04\/10), do 4\u00ba F\u00f3rum de Presidentes do Sistema CFA\/CRAs, em Belo Horizonte.<\/p>\n<p>A reuni\u00e3o, com os presidentes dos 27 regionais, acontece durante o XXVIII Encontro Brasileiro de Administra\u00e7\u00e3o (Enbra), que acontece na cidade, nos dias 04, 05 e 06de outubro.<\/p>\n<p>Esta edi\u00e7\u00e3o do F\u00f3rum traz uma import\u00e2ncia destacada no cen\u00e1rio da Administra\u00e7\u00e3o e do Sistema. Para o presidente do CRA-RN, Adm. Fl\u00e1vio Em\u00edlio, como ela se aproxima do final do primeiro ciclo da atual gest\u00e3o, isso nos d\u00e1 v\u00e1rios encaminhamentos importantes a serem colocados este ano ainda, como tamb\u00e9m, abre boas perspectivas sobre o que vem pela frente em 2024. \u201cS\u00e3o v\u00e1rias inova\u00e7\u00f5es no campo do registro, da cobran\u00e7a e da integra\u00e7\u00e3o do Sistema. S\u00e3o ideias arrojadas, ent\u00e3o, \u00e9 sempre muito bom participar deste tipo de encontro, porque nos fortalece e nos impulsiona a continuar seguindo adiante na defesa da profiss\u00e3o\u201d, afirmou.<\/p>\n<button class=\"simplefavorite-button\" data-postid=\"66260\" data-siteid=\"1\" data-groupid=\"1\" data-favoritecount=\"0\" style=\"\">Favorite <i class=\"sf-icon-star-empty\"><\/i><\/button>","protected":false},"excerpt":{"rendered":"<p>O presidente do CRA-RN, Adm. Fl\u00e1vio Em\u00edlio Cavalcanti, participa, nesta quarta-feira (04\/10), do 4\u00ba F\u00f3rum de Presidentes do Sistema CFA\/CRAs, em Belo Horizonte. A reuni\u00e3o, com os presidentes dos 27 regionais, acontece durante o XXVIII Encontro Brasileiro de Administra\u00e7\u00e3o (Enbra), que acontece na cidade, nos dias 04, 05 e 06de outubro. Esta edi\u00e7\u00e3o do F\u00f3rum<a class=\"read-more\" href=\"https:\/\/crarn.org.br\/?p=66260\"> [&hellip;]<\/a><\/p>\n","protected":false},"author":26,"featured_media":66261,"comment_status":"closed","ping_status":"open","sticky":true,"template":"","format":"standard","meta":{"_price":"","_stock":"","_tribe_ticket_header":"","_tribe_default_ticket_provider":"","_tribe_ticket_capacity":"0","_ticket_start_date":"","_ticket_end_date":"","_tribe_ticket_show_description":"","_tribe_ticket_show_not_going":false,"_tribe_ticket_use_global_stock":"","_tribe_ticket_global_stock_level":"","_global_stock_mode":"","_global_stock_cap":"","_tribe_rsvp_for_event":"","_tribe_ticket_going_count":"","_tribe_ticket_not_going_count":"","_tribe_tickets_list":"[]","_tribe_ticket_has_attendee_info_fields":false,"footnotes":"","_links_to":"","_links_to_target":""},"categories":[549,310,320,309],"tags":[],"class_list":["post-66260","post","type-post","status-publish","format-standard","has-post-thumbnail","hentry","category-ano-2023","category-destaque-grande","category-home","category-ultimas-noticias","entry","has-media"],"_links":{"self":[{"href":"https:\/\/crarn.org.br\/index.php?rest_route=\/wp\/v2\/posts\/66260","targetHints":{"allow":["GET"]}}],"collection":[{"href":"https:\/\/crarn.org.br\/index.php?rest_route=\/wp\/v2\/posts"}],"about":[{"href":"https:\/\/crarn.org.br\/index.php?rest_route=\/wp\/v2\/types\/post"}],"author":[{"embeddable":true,"href":"https:\/\/crarn.org.br\/index.php?rest_route=\/wp\/v2\/users\/26"}],"replies":[{"embeddable":true,"href":"https:\/\/crarn.org.br\/index.php?rest_route=%2Fwp%2Fv2%2Fcomments&post=66260"}],"version-history":[{"count":1,"href":"https:\/\/crarn.org.br\/index.php?rest_route=\/wp\/v2\/posts\/66260\/revisions"}],"predecessor-version":[{"id":66262,"href":"https:\/\/crarn.org.br\/index.php?rest_route=\/wp\/v2\/posts\/66260\/revisions\/66262"}],"wp:featuredmedia":[{"embeddable":true,"href":"https:\/\/crarn.org.br\/index.php?rest_route=\/wp\/v2\/media\/66261"}],"wp:attachment":[{"href":"https:\/\/crarn.org.br\/index.php?rest_route=%2Fwp%2Fv2%2Fmedia&parent=66260"}],"wp:term":[{"taxonomy":"category","embeddable":true,"href":"https:\/\/crarn.org.br\/index.php?rest_route=%2Fwp%2Fv2%2Fcategories&post=66260"},{"taxonomy":"post_tag","embeddable":true,"href":"https:\/\/crarn.org.br\/index.php?rest_route=%2Fwp%2Fv2%2Ftags&post=66260"}],"curies":[{"name":"wp","href":"https:\/\/api.w.org\/{rel}","templated":true}]}}