{"id":66248,"date":"2023-10-02T14:03:39","date_gmt":"2023-10-02T17:03:39","guid":{"rendered":"https:\/\/crarn.org.br\/?p=66248"},"modified":"2023-10-02T14:03:40","modified_gmt":"2023-10-02T17:03:40","slug":"estudantes-de-curso-tecnico-visitam-o-cra-rn-2","status":"publish","type":"post","link":"https:\/\/crarn.org.br\/?p=66248","title":{"rendered":"Estudantes de curso t\u00e9cnico visitam o CRA-RN"},"content":{"rendered":"\n<p>Na manh\u00e3 da \u00faltima sexta-feira (29\/09), estudantes do curso T\u00e9cnico em Administra\u00e7\u00e3o do Grau T\u00e9cnico fizeram uma visita t\u00e9cnica ao CRA-RN, acompanhados pelo instrutor da institui\u00e7\u00e3o, Lucas Silva de Oliveira.<\/p>\n<p>Durante a visita, os alunos conheceram a equipe de fiscaliza\u00e7\u00e3o do regional, formada pela coordenadora, Adm. Tatiana Costa Pinto e o fiscal, Adm. F\u00e1bio Maia.<\/p>\n<p>Tamb\u00e9m assistiram \u00e0 uma palestra da coordenadora com o tema \u201cO que o CRA-RN e voc\u00ea tem em comum\u201d, abordando a legisla\u00e7\u00e3o do profissional de administra\u00e7\u00e3o, mercado de trabalho, compet\u00eancias t\u00e9cnicas e comportamentais e o papel do CRA como \u00f3rg\u00e3o de fiscaliza\u00e7\u00e3o e registro profissional.<\/p>\n<p>O professor Lucas ressaltou a import\u00e2ncia da visita, as dicas passadas durante a palestra e a vis\u00e3o do que \u00e9 o CRA-RN, o trabalho e a responsabilidade do regional. \u201cFoi muito bom, n\u00f3s ficamos gratos e felizes. A turma agradeceu bastante pela visita e por ter aprendido que existe um \u00f3rg\u00e3o que regula a profiss\u00e3o e que \u00e9 um apoio para os profissionais\u201d, finalizou.<\/p>\n<button class=\"simplefavorite-button\" data-postid=\"66248\" data-siteid=\"1\" data-groupid=\"1\" data-favoritecount=\"0\" style=\"\">Favorite <i class=\"sf-icon-star-empty\"><\/i><\/button>","protected":false},"excerpt":{"rendered":"<p>Na manh\u00e3 da \u00faltima sexta-feira (29\/09), estudantes do curso T\u00e9cnico em Administra\u00e7\u00e3o do Grau T\u00e9cnico fizeram uma visita t\u00e9cnica ao CRA-RN, acompanhados pelo instrutor da institui\u00e7\u00e3o, Lucas Silva de Oliveira. Durante a visita, os alunos conheceram a equipe de fiscaliza\u00e7\u00e3o do regional, formada pela coordenadora, Adm. Tatiana Costa Pinto e o fiscal, Adm. F\u00e1bio Maia.<a class=\"read-more\" href=\"https:\/\/crarn.org.br\/?p=66248\"> [&hellip;]<\/a><\/p>\n","protected":false},"author":26,"featured_media":66249,"comment_status":"closed","ping_status":"open","sticky":true,"template":"","format":"standard","meta":{"_price":"","_stock":"","_tribe_ticket_header":"","_tribe_default_ticket_provider":"","_tribe_ticket_capacity":"0","_ticket_start_date":"","_ticket_end_date":"","_tribe_ticket_show_description":"","_tribe_ticket_show_not_going":false,"_tribe_ticket_use_global_stock":"","_tribe_ticket_global_stock_level":"","_global_stock_mode":"","_global_stock_cap":"","_tribe_rsvp_for_event":"","_tribe_ticket_going_count":"","_tribe_ticket_not_going_count":"","_tribe_tickets_list":"[]","_tribe_ticket_has_attendee_info_fields":false,"footnotes":"","_links_to":"","_links_to_target":""},"categories":[549,312,320,399,309],"tags":[],"class_list":["post-66248","post","type-post","status-publish","format-standard","has-post-thumbnail","hentry","category-ano-2023","category-destaque-pequeno-inferior","category-home","category-institucional","category-ultimas-noticias","entry","has-media"],"_links":{"self":[{"href":"https:\/\/crarn.org.br\/index.php?rest_route=\/wp\/v2\/posts\/66248","targetHints":{"allow":["GET"]}}],"collection":[{"href":"https:\/\/crarn.org.br\/index.php?rest_route=\/wp\/v2\/posts"}],"about":[{"href":"https:\/\/crarn.org.br\/index.php?rest_route=\/wp\/v2\/types\/post"}],"author":[{"embeddable":true,"href":"https:\/\/crarn.org.br\/index.php?rest_route=\/wp\/v2\/users\/26"}],"replies":[{"embeddable":true,"href":"https:\/\/crarn.org.br\/index.php?rest_route=%2Fwp%2Fv2%2Fcomments&post=66248"}],"version-history":[{"count":1,"href":"https:\/\/crarn.org.br\/index.php?rest_route=\/wp\/v2\/posts\/66248\/revisions"}],"predecessor-version":[{"id":66250,"href":"https:\/\/crarn.org.br\/index.php?rest_route=\/wp\/v2\/posts\/66248\/revisions\/66250"}],"wp:featuredmedia":[{"embeddable":true,"href":"https:\/\/crarn.org.br\/index.php?rest_route=\/wp\/v2\/media\/66249"}],"wp:attachment":[{"href":"https:\/\/crarn.org.br\/index.php?rest_route=%2Fwp%2Fv2%2Fmedia&parent=66248"}],"wp:term":[{"taxonomy":"category","embeddable":true,"href":"https:\/\/crarn.org.br\/index.php?rest_route=%2Fwp%2Fv2%2Fcategories&post=66248"},{"taxonomy":"post_tag","embeddable":true,"href":"https:\/\/crarn.org.br\/index.php?rest_route=%2Fwp%2Fv2%2Ftags&post=66248"}],"curies":[{"name":"wp","href":"https:\/\/api.w.org\/{rel}","templated":true}]}}