{"id":66236,"date":"2023-09-29T15:18:29","date_gmt":"2023-09-29T18:18:29","guid":{"rendered":"https:\/\/crarn.org.br\/?p=66236"},"modified":"2024-01-15T13:01:50","modified_gmt":"2024-01-15T16:01:50","slug":"66236-2","status":"publish","type":"post","link":"https:\/\/crarn.org.br\/?p=66236","title":{"rendered":"CRA-RN participa de solenidade na C\u00e2mara Municipal de Currais Novos"},"content":{"rendered":"\n<p>A C\u00e2mara Municipal de Currais Novos, realizou Sess\u00e3o Solene, na noite desta quinta-feira (28\/09) em homenagem aos profissionais de Administra\u00e7\u00e3o.<\/p>\n<p>A homenagem foi proposta pelo vereador do munic\u00edpio, Daniel Bezerra e contou com a presen\u00e7a da Diretora de Forma\u00e7\u00e3o Profissional do CRA-RN e moradora de Currais Novos por muitos anos, a Adm. Maria Val\u00e9ria Ara\u00fajo, representando o presidente, Adm. Fl\u00e1vio Emilio Cavalcanti.<\/p>\n<p>Al\u00e9m do vereador e da diretora do CRA-RN, a solenidade contou com a presen\u00e7a do conselheiro, Adm. Di\u00eago de Lima Dantas, que falou em nome dos homenageados da noite; da professora Doutora Marilene Costa, coordenadora do Curso de Administra\u00e7\u00e3o FELCS\/UFRN, Currais Novos e do administrador, professor, Doutor em Ci\u00eancias Sociais, Marcelo Henrique, coordenador do Curso de Engenharia de Produ\u00e7\u00e3o FELCS\/UFRN.<\/p>\n<p>Abrindo a sess\u00e3o, o vereador agradeceu a presen\u00e7a de todos, ressaltou a import\u00e2ncia dos profissionais de Administra\u00e7\u00e3o e a necessidade de reconhecimento por parte da iniciativa privada e do poder p\u00fablico. \u201cQue esta seja apenas a primeira de muitas sess\u00f5es em reconhecimento a essa profiss\u00e3o fundamental, tanto para este pa\u00eds, como tamb\u00e9m para o nosso munic\u00edpio\u201d, afirmou.<\/p>\n<p>Em seguida, houve a apresenta\u00e7\u00e3o de um v\u00eddeo institucional do Sistema CFA\/CRAs sobre a profiss\u00e3o e a entrega das homenagens.<\/p>\n<p>A diretora e representante do presidente do Conselho, Val\u00e9ria Ara\u00fajo, falou aos presentes, agradeceu e parabenizou os homenageados e o vereador Daniel pela atitude e a valoriza\u00e7\u00e3o da profiss\u00e3o, lembrando que come\u00e7ou a sua vida profissional e docente, na cidade de Currais Novos. \u201cO CRA-RN est\u00e1 muito feliz em ter todos estes profissionais aqui, valorizados e percebemos a import\u00e2ncia de termos conquistas como esta, que premia administradores. Para o CRA-RN, voc\u00eas s\u00e3o muito importantes. Voc\u00eas fazem parte da nossa profiss\u00e3o e incentivam e estimulam outras pessoas a se tornarem administradores. Esse papel \u00e9 muito importante\u201d, declarou, afirmando ainda que o regional est\u00e1 de portas abertas para todos.<\/p>\n<p>\u00a0<\/p>\n<p>\u00a0<\/p>\n<p>\u00a0<\/p>\n<p>\u00a0<\/p>\n<p>\u00a0<\/p>\n<p>\u00a0<\/p>\n<p>\u00a0<\/p>\n<p>\u00a0<\/p>\n<p>\u00a0<\/p>\n\n\n\n<p>A C\u00e2mara Municipal de Currais Novos, realizou Sess\u00e3o Solene, na noite desta quinta-feira (28\/09) em homenagem aos profissionais de Administra\u00e7\u00e3o.<\/p>\n<p>A homenagem foi proposta pelo vereador do munic\u00edpio, Daniel Bezerra e contou com a presen\u00e7a da Diretora de Forma\u00e7\u00e3o Profissional do CRA-RN e moradora de Currais Novos por muitos anos, a Adm. Maria Val\u00e9ria Ara\u00fajo, representando o presidente, Adm. Fl\u00e1vio Emilio Cavalcanti.<\/p>\n<p>Al\u00e9m do vereador e da diretora do CRA-RN, a solenidade contou com a presen\u00e7a do conselheiro, Adm. Di\u00eago de Lima Dantas, que falou em nome dos homenageados da noite; da professora Doutora Marilene Costa, coordenadora do Curso de Administra\u00e7\u00e3o FELCS\/UFRN, Currais Novos e do administrador, professor, Doutor em Ci\u00eancias Sociais, Marcelo Henrique, coordenador do Curso de Engenharia de Produ\u00e7\u00e3o FELCS\/UFRN.<\/p>\n<p>Abrindo a sess\u00e3o, o vereador agradeceu a presen\u00e7a de todos, ressaltou a import\u00e2ncia dos profissionais de Administra\u00e7\u00e3o e a necessidade de reconhecimento por parte da iniciativa privada e do poder p\u00fablico. \u201cQue esta seja apenas a primeira de muitas sess\u00f5es em reconhecimento a essa profiss\u00e3o fundamental, tanto para este pa\u00eds, como tamb\u00e9m para o nosso munic\u00edpio\u201d, afirmou.<\/p>\n<p>Em seguida, houve a apresenta\u00e7\u00e3o de um v\u00eddeo institucional do Sistema CFA\/CRAs sobre a profiss\u00e3o e a entrega das homenagens.<\/p>\n<p>A diretora e representante do presidente do Conselho, Val\u00e9ria Ara\u00fajo, falou aos presentes, agradeceu e parabenizou os homenageados e o vereador Daniel pela atitude e a valoriza\u00e7\u00e3o da profiss\u00e3o, lembrando que come\u00e7ou a sua vida profissional e docente, na cidade de Currais Novos. \u201cO CRA-RN est\u00e1 muito feliz em ter todos estes profissionais aqui, valorizados e percebemos a import\u00e2ncia de termos conquistas como esta, que premia administradores. Para o CRA-RN, voc\u00eas s\u00e3o muito importantes. Voc\u00eas fazem parte da nossa profiss\u00e3o e incentivam e estimulam outras pessoas a se tornarem administradores. Esse papel \u00e9 muito importante\u201d, declarou, afirmando ainda que o regional est\u00e1 de portas abertas para todos.<\/p>\n<p>\u00a0<\/p>\n<p>\u00a0<\/p>\n<p>\u00a0<\/p>\n<p>\u00a0<\/p>\n<p>\u00a0<\/p>\n<p>\u00a0<\/p>\n<p>\u00a0<\/p>\n<p>\u00a0<\/p>\n<p>\u00a0<\/p>\n<button class=\"simplefavorite-button\" data-postid=\"66236\" data-siteid=\"1\" data-groupid=\"1\" data-favoritecount=\"0\" style=\"\">Favorite <i class=\"sf-icon-star-empty\"><\/i><\/button>","protected":false},"excerpt":{"rendered":"<p>A C\u00e2mara Municipal de Currais Novos, realizou Sess\u00e3o Solene, na noite desta quinta-feira (28\/09) em homenagem aos profissionais de Administra\u00e7\u00e3o. A homenagem foi proposta pelo vereador do munic\u00edpio, Daniel Bezerra e contou com a presen\u00e7a da Diretora de Forma\u00e7\u00e3o Profissional do CRA-RN e moradora de Currais Novos por muitos anos, a Adm. Maria Val\u00e9ria Ara\u00fajo,<a class=\"read-more\" href=\"https:\/\/crarn.org.br\/?p=66236\"> [&hellip;]<\/a><\/p>\n","protected":false},"author":26,"featured_media":66245,"comment_status":"closed","ping_status":"open","sticky":true,"template":"","format":"standard","meta":{"_price":"","_stock":"","_tribe_ticket_header":"","_tribe_default_ticket_provider":"","_tribe_ticket_capacity":"0","_ticket_start_date":"","_ticket_end_date":"","_tribe_ticket_show_description":"","_tribe_ticket_show_not_going":false,"_tribe_ticket_use_global_stock":"","_tribe_ticket_global_stock_level":"","_global_stock_mode":"","_global_stock_cap":"","_tribe_rsvp_for_event":"","_tribe_ticket_going_count":"","_tribe_ticket_not_going_count":"","_tribe_tickets_list":"[]","_tribe_ticket_has_attendee_info_fields":false,"footnotes":"","_links_to":"","_links_to_target":""},"categories":[549,311,320,399,309],"tags":[],"class_list":["post-66236","post","type-post","status-publish","format-standard","has-post-thumbnail","hentry","category-ano-2023","category-destaque-pequeno-superior","category-home","category-institucional","category-ultimas-noticias","entry","has-media"],"_links":{"self":[{"href":"https:\/\/crarn.org.br\/index.php?rest_route=\/wp\/v2\/posts\/66236","targetHints":{"allow":["GET"]}}],"collection":[{"href":"https:\/\/crarn.org.br\/index.php?rest_route=\/wp\/v2\/posts"}],"about":[{"href":"https:\/\/crarn.org.br\/index.php?rest_route=\/wp\/v2\/types\/post"}],"author":[{"embeddable":true,"href":"https:\/\/crarn.org.br\/index.php?rest_route=\/wp\/v2\/users\/26"}],"replies":[{"embeddable":true,"href":"https:\/\/crarn.org.br\/index.php?rest_route=%2Fwp%2Fv2%2Fcomments&post=66236"}],"version-history":[{"count":3,"href":"https:\/\/crarn.org.br\/index.php?rest_route=\/wp\/v2\/posts\/66236\/revisions"}],"predecessor-version":[{"id":66414,"href":"https:\/\/crarn.org.br\/index.php?rest_route=\/wp\/v2\/posts\/66236\/revisions\/66414"}],"wp:featuredmedia":[{"embeddable":true,"href":"https:\/\/crarn.org.br\/index.php?rest_route=\/wp\/v2\/media\/66245"}],"wp:attachment":[{"href":"https:\/\/crarn.org.br\/index.php?rest_route=%2Fwp%2Fv2%2Fmedia&parent=66236"}],"wp:term":[{"taxonomy":"category","embeddable":true,"href":"https:\/\/crarn.org.br\/index.php?rest_route=%2Fwp%2Fv2%2Fcategories&post=66236"},{"taxonomy":"post_tag","embeddable":true,"href":"https:\/\/crarn.org.br\/index.php?rest_route=%2Fwp%2Fv2%2Ftags&post=66236"}],"curies":[{"name":"wp","href":"https:\/\/api.w.org\/{rel}","templated":true}]}}