{"id":66213,"date":"2023-09-25T14:50:29","date_gmt":"2023-09-25T17:50:29","guid":{"rendered":"https:\/\/crarn.org.br\/?p=66213"},"modified":"2023-09-25T14:59:37","modified_gmt":"2023-09-25T17:59:37","slug":"cra-rn-reune-profissionais-em-cafe-da-manha","status":"publish","type":"post","link":"https:\/\/crarn.org.br\/?p=66213","title":{"rendered":"CRA-RN re\u00fane profissionais em caf\u00e9 da manh\u00e3"},"content":{"rendered":"\n<p>Neste domingo (24\/09), o CRA-RN recebeu os profissionais de Administra\u00e7\u00e3o em um caf\u00e9 da manh\u00e3 comemorativo pela passagem do seu dia, no Bosque das Mangueiras.<\/p>\n<p>Foi um momento agrad\u00e1vel e descontra\u00eddo, com m\u00fasica ao vivo, que reuniu os profissionais e suas fam\u00edlias em confraterniza\u00e7\u00e3o junto aos representantes e a equipe do regional.<\/p>\n<p>Na mesma ocasi\u00e3o tamb\u00e9m foram iniciadas as comemora\u00e7\u00f5es pelos 35 anos de funda\u00e7\u00e3o do CRA-RN.<\/p>\n<p>O presidente do regional, Adm. Fl\u00e1vio Em\u00edlio Cavalcanti, \u00a0agradeceu a presen\u00e7a de todos, o trabalho da equipe e, lembrando a comemora\u00e7\u00e3o dos 35 anos de cria\u00e7\u00e3o do conselho, chamou a aten\u00e7\u00e3o para a uni\u00e3o e os desafios de batalhar pela profiss\u00e3o. \u201cMomentos como este servem para mostrar que n\u00f3s temos for\u00e7a, temos mobiliza\u00e7\u00e3o. Voc\u00eas fazem parte destes 35 anos. Sintam-se parabenizados, mas lembrem-se que a gente precisa da colabora\u00e7\u00e3o de cada um aqui presente, para que a gente siga cada vez melhor e cada vez mais forte\u201d, conclamou.<\/p>\n<p>A conselheira e diretora de Forma\u00e7\u00e3o Profissional, Adm. Val\u00e9ria Ara\u00fajo, falou aos presentes sobre os projetos da sua pasta\u00a0 e a conselheira suplente e coordenadora da Comiss\u00e3o ADM Mulher, Adm. Alice Dantas e a representante Adm. Simone Rom\u00e3o, aproveitaram a oportunidade para divulgar o trabalho da comiss\u00e3o e o evento que ser\u00e1 realizado nesta ter\u00e7a-feira (26\/09) com a palestra de Simone sobre \u201cMentalidade Financeira: O que preciso saber sobre o dinheiro que os m\u00e9todos de gest\u00e3o de finan\u00e7as pessoais n\u00e3o ensinam?\u201d.<\/p>\n<button class=\"simplefavorite-button\" data-postid=\"66213\" data-siteid=\"1\" data-groupid=\"1\" data-favoritecount=\"0\" style=\"\">Favorite <i class=\"sf-icon-star-empty\"><\/i><\/button>","protected":false},"excerpt":{"rendered":"<p>Neste domingo (24\/09), o CRA-RN recebeu os profissionais de Administra\u00e7\u00e3o em um caf\u00e9 da manh\u00e3 comemorativo pela passagem do seu dia, no Bosque das Mangueiras. Foi um momento agrad\u00e1vel e descontra\u00eddo, com m\u00fasica ao vivo, que reuniu os profissionais e suas fam\u00edlias em confraterniza\u00e7\u00e3o junto aos representantes e a equipe do regional. Na mesma ocasi\u00e3o<a class=\"read-more\" href=\"https:\/\/crarn.org.br\/?p=66213\"> [&hellip;]<\/a><\/p>\n","protected":false},"author":26,"featured_media":66214,"comment_status":"closed","ping_status":"open","sticky":true,"template":"","format":"standard","meta":{"_price":"","_stock":"","_tribe_ticket_header":"","_tribe_default_ticket_provider":"","_tribe_ticket_capacity":"0","_ticket_start_date":"","_ticket_end_date":"","_tribe_ticket_show_description":"","_tribe_ticket_show_not_going":false,"_tribe_ticket_use_global_stock":"","_tribe_ticket_global_stock_level":"","_global_stock_mode":"","_global_stock_cap":"","_tribe_rsvp_for_event":"","_tribe_ticket_going_count":"","_tribe_ticket_not_going_count":"","_tribe_tickets_list":"[]","_tribe_ticket_has_attendee_info_fields":false,"footnotes":"","_links_to":"","_links_to_target":""},"categories":[549,310,320,399,309],"tags":[],"class_list":["post-66213","post","type-post","status-publish","format-standard","has-post-thumbnail","hentry","category-ano-2023","category-destaque-grande","category-home","category-institucional","category-ultimas-noticias","entry","has-media"],"_links":{"self":[{"href":"https:\/\/crarn.org.br\/index.php?rest_route=\/wp\/v2\/posts\/66213","targetHints":{"allow":["GET"]}}],"collection":[{"href":"https:\/\/crarn.org.br\/index.php?rest_route=\/wp\/v2\/posts"}],"about":[{"href":"https:\/\/crarn.org.br\/index.php?rest_route=\/wp\/v2\/types\/post"}],"author":[{"embeddable":true,"href":"https:\/\/crarn.org.br\/index.php?rest_route=\/wp\/v2\/users\/26"}],"replies":[{"embeddable":true,"href":"https:\/\/crarn.org.br\/index.php?rest_route=%2Fwp%2Fv2%2Fcomments&post=66213"}],"version-history":[{"count":2,"href":"https:\/\/crarn.org.br\/index.php?rest_route=\/wp\/v2\/posts\/66213\/revisions"}],"predecessor-version":[{"id":66217,"href":"https:\/\/crarn.org.br\/index.php?rest_route=\/wp\/v2\/posts\/66213\/revisions\/66217"}],"wp:featuredmedia":[{"embeddable":true,"href":"https:\/\/crarn.org.br\/index.php?rest_route=\/wp\/v2\/media\/66214"}],"wp:attachment":[{"href":"https:\/\/crarn.org.br\/index.php?rest_route=%2Fwp%2Fv2%2Fmedia&parent=66213"}],"wp:term":[{"taxonomy":"category","embeddable":true,"href":"https:\/\/crarn.org.br\/index.php?rest_route=%2Fwp%2Fv2%2Fcategories&post=66213"},{"taxonomy":"post_tag","embeddable":true,"href":"https:\/\/crarn.org.br\/index.php?rest_route=%2Fwp%2Fv2%2Ftags&post=66213"}],"curies":[{"name":"wp","href":"https:\/\/api.w.org\/{rel}","templated":true}]}}