{"id":66206,"date":"2023-09-22T16:12:04","date_gmt":"2023-09-22T19:12:04","guid":{"rendered":"https:\/\/crarn.org.br\/?p=66206"},"modified":"2023-09-22T16:12:06","modified_gmt":"2023-09-22T19:12:06","slug":"a-edicao-do-premio-cfa-guerreiro-ramos-2023-esta-com-as-inscricoes-abertas","status":"publish","type":"post","link":"https:\/\/crarn.org.br\/?p=66206","title":{"rendered":"A edi\u00e7\u00e3o do Pr\u00eamio CFA Guerreiro Ramos 2023 est\u00e1 com as inscri\u00e7\u00f5es abertas"},"content":{"rendered":"\n<p>O \u00a0Pr\u00eamio Guerreiro Ramos foi criado pelo CFA com o objetivo de estimular o desenvolvimento e o compartilhamento de pr\u00e1ticas inovadoras de gest\u00e3o e de pesquisas cient\u00edficas na \u00e1rea da Administra\u00e7\u00e3o P\u00fablica, reconhecendo formalmente trabalhos que sirvam de refer\u00eancia ou inspira\u00e7\u00e3o para outras iniciativas capazes de transformar e melhorar continuamente a gest\u00e3o p\u00fablica brasileira.<\/p>\n<p>Os interessados podem se inscrever em duas categorias: \u201cPesquisa Cient\u00edfica\u201d e \u201cPr\u00e1ticas Inovadoras\u201d e os tr\u00eas melhores trabalhos de cada categoria receber\u00e3o premia\u00e7\u00e3o em dinheiro.<\/p>\n<p>Aproveite a oportunidade e concorra a pr\u00eamios!<\/p>\n<p>As inscri\u00e7\u00f5es s\u00e3o gratuitas e podem ser feitas at\u00e9 o dia 14 de outubro de 2023.<\/p>\n<p>Acesse: <a href=\"https:\/\/inscricao.cfa.org.br\/\">https:\/\/inscricao.cfa.org.br\/<\/a>.<\/p>\n<button class=\"simplefavorite-button\" data-postid=\"66206\" data-siteid=\"1\" data-groupid=\"1\" data-favoritecount=\"0\" style=\"\">Favorite <i class=\"sf-icon-star-empty\"><\/i><\/button>","protected":false},"excerpt":{"rendered":"<p>O \u00a0Pr\u00eamio Guerreiro Ramos foi criado pelo CFA com o objetivo de estimular o desenvolvimento e o compartilhamento de pr\u00e1ticas inovadoras de gest\u00e3o e de pesquisas cient\u00edficas na \u00e1rea da Administra\u00e7\u00e3o P\u00fablica, reconhecendo formalmente trabalhos que sirvam de refer\u00eancia ou inspira\u00e7\u00e3o para outras iniciativas capazes de transformar e melhorar continuamente a gest\u00e3o p\u00fablica brasileira. Os<a class=\"read-more\" href=\"https:\/\/crarn.org.br\/?p=66206\"> [&hellip;]<\/a><\/p>\n","protected":false},"author":26,"featured_media":66207,"comment_status":"closed","ping_status":"open","sticky":true,"template":"","format":"standard","meta":{"_price":"","_stock":"","_tribe_ticket_header":"","_tribe_default_ticket_provider":"","_tribe_ticket_capacity":"0","_ticket_start_date":"","_ticket_end_date":"","_tribe_ticket_show_description":"","_tribe_ticket_show_not_going":false,"_tribe_ticket_use_global_stock":"","_tribe_ticket_global_stock_level":"","_global_stock_mode":"","_global_stock_cap":"","_tribe_rsvp_for_event":"","_tribe_ticket_going_count":"","_tribe_ticket_not_going_count":"","_tribe_tickets_list":"[]","_tribe_ticket_has_attendee_info_fields":false,"footnotes":"","_links_to":"","_links_to_target":""},"categories":[549,312,320,309],"tags":[],"class_list":["post-66206","post","type-post","status-publish","format-standard","has-post-thumbnail","hentry","category-ano-2023","category-destaque-pequeno-inferior","category-home","category-ultimas-noticias","entry","has-media"],"_links":{"self":[{"href":"https:\/\/crarn.org.br\/index.php?rest_route=\/wp\/v2\/posts\/66206","targetHints":{"allow":["GET"]}}],"collection":[{"href":"https:\/\/crarn.org.br\/index.php?rest_route=\/wp\/v2\/posts"}],"about":[{"href":"https:\/\/crarn.org.br\/index.php?rest_route=\/wp\/v2\/types\/post"}],"author":[{"embeddable":true,"href":"https:\/\/crarn.org.br\/index.php?rest_route=\/wp\/v2\/users\/26"}],"replies":[{"embeddable":true,"href":"https:\/\/crarn.org.br\/index.php?rest_route=%2Fwp%2Fv2%2Fcomments&post=66206"}],"version-history":[{"count":1,"href":"https:\/\/crarn.org.br\/index.php?rest_route=\/wp\/v2\/posts\/66206\/revisions"}],"predecessor-version":[{"id":66208,"href":"https:\/\/crarn.org.br\/index.php?rest_route=\/wp\/v2\/posts\/66206\/revisions\/66208"}],"wp:featuredmedia":[{"embeddable":true,"href":"https:\/\/crarn.org.br\/index.php?rest_route=\/wp\/v2\/media\/66207"}],"wp:attachment":[{"href":"https:\/\/crarn.org.br\/index.php?rest_route=%2Fwp%2Fv2%2Fmedia&parent=66206"}],"wp:term":[{"taxonomy":"category","embeddable":true,"href":"https:\/\/crarn.org.br\/index.php?rest_route=%2Fwp%2Fv2%2Fcategories&post=66206"},{"taxonomy":"post_tag","embeddable":true,"href":"https:\/\/crarn.org.br\/index.php?rest_route=%2Fwp%2Fv2%2Ftags&post=66206"}],"curies":[{"name":"wp","href":"https:\/\/api.w.org\/{rel}","templated":true}]}}