{"id":66194,"date":"2023-09-15T15:15:40","date_gmt":"2023-09-15T18:15:40","guid":{"rendered":"https:\/\/crarn.org.br\/?p=66194"},"modified":"2023-09-28T16:29:30","modified_gmt":"2023-09-28T19:29:30","slug":"presidente-do-cra-rn-fala-para-profissionais-de-assu","status":"publish","type":"post","link":"https:\/\/crarn.org.br\/?p=66194","title":{"rendered":"Presidente do CRA-RN fala para profissionais de Assu"},"content":{"rendered":"\n<p>Dando prosseguimento \u00e0s palestras pelo interior do estado, no \u00faltimo dia 06 de setembro, o presidente do CRA-RN, Adm. Fl\u00e1vio Em\u00edlio Cavalcanti, participou do 1\u00ba Semin\u00e1rio Assuense do Dia do Profissional de Administra\u00e7\u00e3o, promovido pelo Centro T\u00e9cnico Potiguar.<\/p>\n<p>Durante o evento, ele fez uma palestra para alunos do curso t\u00e9cnico e da gradua\u00e7\u00e3o em administra\u00e7\u00e3o, quando falou sobre \u201cOportunidades de atua\u00e7\u00e3o profissional na \u00e1rea de Administra\u00e7\u00e3o\u201d. Tamb\u00e9m, teve oportunidade de explicar o que \u00e9 o Conselho, como \u00e9 o seu trabalho de fiscaliza\u00e7\u00e3o e a import\u00e2ncia do registro profissional, para o exerc\u00edcio legal da profiss\u00e3o.<\/p>\n<p>A participa\u00e7\u00e3o do presidente no Semin\u00e1rio atendeu a um convite do Coordenador do curso de t\u00e9cnico em administra\u00e7\u00e3o e conselheiro do CRA-RN, Adm. Jos\u00e9 Alysson Souza Ara\u00fajo.<\/p>\n<button class=\"simplefavorite-button\" data-postid=\"66194\" data-siteid=\"1\" data-groupid=\"1\" data-favoritecount=\"0\" style=\"\">Favorite <i class=\"sf-icon-star-empty\"><\/i><\/button>","protected":false},"excerpt":{"rendered":"<p>Dando prosseguimento \u00e0s palestras pelo interior do estado, no \u00faltimo dia 06 de setembro, o presidente do CRA-RN, Adm. Fl\u00e1vio Em\u00edlio Cavalcanti, participou do 1\u00ba Semin\u00e1rio Assuense do Dia do Profissional de Administra\u00e7\u00e3o, promovido pelo Centro T\u00e9cnico Potiguar. Durante o evento, ele fez uma palestra para alunos do curso t\u00e9cnico e da gradua\u00e7\u00e3o em administra\u00e7\u00e3o,<a class=\"read-more\" href=\"https:\/\/crarn.org.br\/?p=66194\"> [&hellip;]<\/a><\/p>\n","protected":false},"author":26,"featured_media":66195,"comment_status":"closed","ping_status":"open","sticky":true,"template":"","format":"standard","meta":{"_price":"","_stock":"","_tribe_ticket_header":"","_tribe_default_ticket_provider":"","_tribe_ticket_capacity":"0","_ticket_start_date":"","_ticket_end_date":"","_tribe_ticket_show_description":"","_tribe_ticket_show_not_going":false,"_tribe_ticket_use_global_stock":"","_tribe_ticket_global_stock_level":"","_global_stock_mode":"","_global_stock_cap":"","_tribe_rsvp_for_event":"","_tribe_ticket_going_count":"","_tribe_ticket_not_going_count":"","_tribe_tickets_list":"[]","_tribe_ticket_has_attendee_info_fields":false,"footnotes":"","_links_to":"","_links_to_target":""},"categories":[549,312,320,309],"tags":[],"class_list":["post-66194","post","type-post","status-publish","format-standard","has-post-thumbnail","hentry","category-ano-2023","category-destaque-pequeno-inferior","category-home","category-ultimas-noticias","entry","has-media"],"_links":{"self":[{"href":"https:\/\/crarn.org.br\/index.php?rest_route=\/wp\/v2\/posts\/66194","targetHints":{"allow":["GET"]}}],"collection":[{"href":"https:\/\/crarn.org.br\/index.php?rest_route=\/wp\/v2\/posts"}],"about":[{"href":"https:\/\/crarn.org.br\/index.php?rest_route=\/wp\/v2\/types\/post"}],"author":[{"embeddable":true,"href":"https:\/\/crarn.org.br\/index.php?rest_route=\/wp\/v2\/users\/26"}],"replies":[{"embeddable":true,"href":"https:\/\/crarn.org.br\/index.php?rest_route=%2Fwp%2Fv2%2Fcomments&post=66194"}],"version-history":[{"count":2,"href":"https:\/\/crarn.org.br\/index.php?rest_route=\/wp\/v2\/posts\/66194\/revisions"}],"predecessor-version":[{"id":66234,"href":"https:\/\/crarn.org.br\/index.php?rest_route=\/wp\/v2\/posts\/66194\/revisions\/66234"}],"wp:featuredmedia":[{"embeddable":true,"href":"https:\/\/crarn.org.br\/index.php?rest_route=\/wp\/v2\/media\/66195"}],"wp:attachment":[{"href":"https:\/\/crarn.org.br\/index.php?rest_route=%2Fwp%2Fv2%2Fmedia&parent=66194"}],"wp:term":[{"taxonomy":"category","embeddable":true,"href":"https:\/\/crarn.org.br\/index.php?rest_route=%2Fwp%2Fv2%2Fcategories&post=66194"},{"taxonomy":"post_tag","embeddable":true,"href":"https:\/\/crarn.org.br\/index.php?rest_route=%2Fwp%2Fv2%2Ftags&post=66194"}],"curies":[{"name":"wp","href":"https:\/\/api.w.org\/{rel}","templated":true}]}}