{"id":66188,"date":"2023-09-14T16:18:11","date_gmt":"2023-09-14T19:18:11","guid":{"rendered":"https:\/\/crarn.org.br\/?p=66188"},"modified":"2023-09-14T16:18:12","modified_gmt":"2023-09-14T19:18:12","slug":"comenda-homenageia-profissionais-de-administracao-2","status":"publish","type":"post","link":"https:\/\/crarn.org.br\/?p=66188","title":{"rendered":"Comenda homenageia profissionais de Administra\u00e7\u00e3o"},"content":{"rendered":"\n<p>A C\u00e2mara Municipal de Natal homenageou os profissionais de Administra\u00e7\u00e3o em Sess\u00e3o Solene nesta quarta-feira (13), com a entrega da Comenda Adm. Cristina Cariello.<\/p>\n<p>Ao falar aos presentes, o vereador T\u00e9rcio Tin\u00f4co, destacou a import\u00e2ncia da comenda, que representa o reconhecimento e a rever\u00eancia a uma das profissionais mais ilustres da \u00e1rea de Administra\u00e7\u00e3o, al\u00e9m de celebrar o dia do profissional de Administra\u00e7\u00e3o. \u201cA profiss\u00e3o que escolhi antes de ser parlamentar e da qual eu me orgulho muito. Esta comenda, criada h\u00e1 dois anos, \u00e9 fruto de nossa propositura e tem o comprometimento de destacar e valorizar aqueles que contribuem de maneira not\u00e1vel, para o campo da administra\u00e7\u00e3o\u201d, afirmou.<\/p>\n<p>Na solenidade, foram homenageados os ex-presidentes do CRA-RN, Adm. Ione Salem, Adm. Wilson Celandroni Flores, Adm. Jo\u00e3o Bosco Freire Ribeiro, Adm. Kate Cunha Maciel, Adm. Genean Lisboa Nunes, Adm. Marcos Lael de Oliveira Alexandre, Adm. J\u00falio Francisco Dantas de Rezende, Adm. Zen\u00f3bio Pereira, o atual presidente, Adm. Fl\u00e1vio Em\u00edlio Monteiro Cavalcanti, a Adm. Cristina Cariello <em>(in memorian)<\/em> e representada pela sua filha Fl\u00e1via Varela Cariello, e o Adm. Franklin Marcolino.<\/p>\n<p>A primeira presidente do CRA-RN, Adm. Ione Salem, falou em nome dos homenageados, quando agradeceu ao vereador pela honraria e relembrou as dificuldades enfrentadas na \u00e9poca da cria\u00e7\u00e3o do regional e da integra\u00e7\u00e3o do grupo, o que fez a diferen\u00e7a. Tamb\u00e9m fez um breve hist\u00f3rico sobre a participa\u00e7\u00e3o de cada um dos ex-presidentes. \u201cHoje, representamos todos que participaram da trajet\u00f3ria do conselho: administradores, conselheiros, suplentes, nosso competente e dedicado quadro de pessoal, parceiros, Institui\u00e7\u00f5es de Ensino, e tantos outros que, de alguma forma, interagiram e contribu\u00edram conosco. Existe uma palavra m\u00e1gica que nos une at\u00e9 hoje: a integra\u00e7\u00e3o renovada\u201d, refor\u00e7ou.<\/p>\n<p>Em seu discurso, o presidente do CRA-RN, Adm. Fl\u00e1vio Em\u00edlio, agradeceu a homenagem e falou sobre a preocupa\u00e7\u00e3o com o futuro e a import\u00e2ncia de cada um na defesa da profiss\u00e3o, o que n\u00e3o deve se dar apenas de forma institucional, atrav\u00e9s do Conselho. \u201c\u00c0 medida em que n\u00f3s exercitamos as atividades dos profissionais de Administra\u00e7\u00e3o, n\u00f3s somos um universo muito grande, atrav\u00e9s da compet\u00eancia e do bom exerc\u00edcio, n\u00f3s estamos defendendo a nossa profiss\u00e3o\u201d, concluiu.<\/p>\n<p>\u00a0<\/p>\n<p>\u00a0<\/p>\n<p>\u00a0<\/p>\n<button class=\"simplefavorite-button\" data-postid=\"66188\" data-siteid=\"1\" data-groupid=\"1\" data-favoritecount=\"0\" style=\"\">Favorite <i class=\"sf-icon-star-empty\"><\/i><\/button>","protected":false},"excerpt":{"rendered":"<p>A C\u00e2mara Municipal de Natal homenageou os profissionais de Administra\u00e7\u00e3o em Sess\u00e3o Solene nesta quarta-feira (13), com a entrega da Comenda Adm. Cristina Cariello. Ao falar aos presentes, o vereador T\u00e9rcio Tin\u00f4co, destacou a import\u00e2ncia da comenda, que representa o reconhecimento e a rever\u00eancia a uma das profissionais mais ilustres da \u00e1rea de Administra\u00e7\u00e3o, al\u00e9m<a class=\"read-more\" href=\"https:\/\/crarn.org.br\/?p=66188\"> [&hellip;]<\/a><\/p>\n","protected":false},"author":26,"featured_media":66189,"comment_status":"closed","ping_status":"open","sticky":true,"template":"","format":"standard","meta":{"_price":"","_stock":"","_tribe_ticket_header":"","_tribe_default_ticket_provider":"","_tribe_ticket_capacity":"0","_ticket_start_date":"","_ticket_end_date":"","_tribe_ticket_show_description":"","_tribe_ticket_show_not_going":false,"_tribe_ticket_use_global_stock":"","_tribe_ticket_global_stock_level":"","_global_stock_mode":"","_global_stock_cap":"","_tribe_rsvp_for_event":"","_tribe_ticket_going_count":"","_tribe_ticket_not_going_count":"","_tribe_tickets_list":"[]","_tribe_ticket_has_attendee_info_fields":false,"footnotes":"","_links_to":"","_links_to_target":""},"categories":[549,310,320,399,309],"tags":[],"class_list":["post-66188","post","type-post","status-publish","format-standard","has-post-thumbnail","hentry","category-ano-2023","category-destaque-grande","category-home","category-institucional","category-ultimas-noticias","entry","has-media"],"_links":{"self":[{"href":"https:\/\/crarn.org.br\/index.php?rest_route=\/wp\/v2\/posts\/66188","targetHints":{"allow":["GET"]}}],"collection":[{"href":"https:\/\/crarn.org.br\/index.php?rest_route=\/wp\/v2\/posts"}],"about":[{"href":"https:\/\/crarn.org.br\/index.php?rest_route=\/wp\/v2\/types\/post"}],"author":[{"embeddable":true,"href":"https:\/\/crarn.org.br\/index.php?rest_route=\/wp\/v2\/users\/26"}],"replies":[{"embeddable":true,"href":"https:\/\/crarn.org.br\/index.php?rest_route=%2Fwp%2Fv2%2Fcomments&post=66188"}],"version-history":[{"count":1,"href":"https:\/\/crarn.org.br\/index.php?rest_route=\/wp\/v2\/posts\/66188\/revisions"}],"predecessor-version":[{"id":66192,"href":"https:\/\/crarn.org.br\/index.php?rest_route=\/wp\/v2\/posts\/66188\/revisions\/66192"}],"wp:featuredmedia":[{"embeddable":true,"href":"https:\/\/crarn.org.br\/index.php?rest_route=\/wp\/v2\/media\/66189"}],"wp:attachment":[{"href":"https:\/\/crarn.org.br\/index.php?rest_route=%2Fwp%2Fv2%2Fmedia&parent=66188"}],"wp:term":[{"taxonomy":"category","embeddable":true,"href":"https:\/\/crarn.org.br\/index.php?rest_route=%2Fwp%2Fv2%2Fcategories&post=66188"},{"taxonomy":"post_tag","embeddable":true,"href":"https:\/\/crarn.org.br\/index.php?rest_route=%2Fwp%2Fv2%2Ftags&post=66188"}],"curies":[{"name":"wp","href":"https:\/\/api.w.org\/{rel}","templated":true}]}}