{"id":66176,"date":"2023-09-12T16:16:24","date_gmt":"2023-09-12T19:16:24","guid":{"rendered":"https:\/\/crarn.org.br\/?p=66176"},"modified":"2023-09-12T16:16:25","modified_gmt":"2023-09-12T19:16:25","slug":"participe-do-enbra-2023","status":"publish","type":"post","link":"https:\/\/crarn.org.br\/?p=66176","title":{"rendered":"Participe do ENBRA 2023!"},"content":{"rendered":"\n<p>Assista aos principais nomes da Administra\u00e7\u00e3o no pa\u00eds apresentando os temas mais atuais da profiss\u00e3o.<\/p>\n<p>\u00a0<\/p>\n<p>Nos dias 04, 05 e 06 de outubro de 2023, Belo Horizonte recebe o XXVIII Encontro Brasileiro de Administra\u00e7\u00e3o (Enbra.)<\/p>\n<p>Esta edi\u00e7\u00e3o ter\u00e1 como tema \u201cDisruptividade: Estrat\u00e9gias e Desafios da Administra\u00e7\u00e3o\u201d, trazendo para discuss\u00e3o o que h\u00e1 de mais inovador no mercado e a aplicabilidade na profiss\u00e3o.<\/p>\n<p>O evento ser\u00e1 realizado de forma h\u00edbrida e durante os tr\u00eas dias, os participantes ter\u00e3o acesso a uma programa\u00e7\u00e3o diversificada, com palestras e mesas-redondas.<\/p>\n<p>A abertura ficar\u00e1 a cargo do empreendedor digital, palestrante internacional e s\u00f3cio-diretor da Unimark Comunica\u00e7\u00e3o, Walter Longo, com o tema \u201cIntelig\u00eancia Artificial: Uma Vis\u00e3o Futurista das Profiss\u00f5es\u201d. Ao longo da programa\u00e7\u00e3o estar\u00e3o presentes nomes exponenciais no cen\u00e1rio brasileiro e especialistas dos principais assuntos t\u00e9cnicos da Administra\u00e7\u00e3o. Ser\u00e1 uma oportunidade imperd\u00edvel para atualizar-se e aprimorar habilidades essenciais para o sucesso profissional.<\/p>\n<p>Al\u00e9m das atividades principais, o XXVIII Enbra contar\u00e1 com espa\u00e7os de exposi\u00e7\u00e3o, onde empresas e institui\u00e7\u00f5es parceiras poder\u00e3o apresentar suas solu\u00e7\u00f5es e servi\u00e7os, proporcionando oportunidades de neg\u00f3cios e parcerias estrat\u00e9gicas.<\/p>\n<p>Acesse <a href=\"http:\/\/enbra.org.br\">enbra.org.br<\/a> e garanta a sua vaga antes da virada do lote, em 22\/09!<\/p>\n<button class=\"simplefavorite-button\" data-postid=\"66176\" data-siteid=\"1\" data-groupid=\"1\" data-favoritecount=\"0\" style=\"\">Favorite <i class=\"sf-icon-star-empty\"><\/i><\/button>","protected":false},"excerpt":{"rendered":"<p>Assista aos principais nomes da Administra\u00e7\u00e3o no pa\u00eds apresentando os temas mais atuais da profiss\u00e3o. \u00a0 Nos dias 04, 05 e 06 de outubro de 2023, Belo Horizonte recebe o XXVIII Encontro Brasileiro de Administra\u00e7\u00e3o (Enbra.) Esta edi\u00e7\u00e3o ter\u00e1 como tema \u201cDisruptividade: Estrat\u00e9gias e Desafios da Administra\u00e7\u00e3o\u201d, trazendo para discuss\u00e3o o que h\u00e1 de mais<a class=\"read-more\" href=\"https:\/\/crarn.org.br\/?p=66176\"> [&hellip;]<\/a><\/p>\n","protected":false},"author":26,"featured_media":66177,"comment_status":"closed","ping_status":"open","sticky":true,"template":"","format":"standard","meta":{"_price":"","_stock":"","_tribe_ticket_header":"","_tribe_default_ticket_provider":"","_tribe_ticket_capacity":"0","_ticket_start_date":"","_ticket_end_date":"","_tribe_ticket_show_description":"","_tribe_ticket_show_not_going":false,"_tribe_ticket_use_global_stock":"","_tribe_ticket_global_stock_level":"","_global_stock_mode":"","_global_stock_cap":"","_tribe_rsvp_for_event":"","_tribe_ticket_going_count":"","_tribe_ticket_not_going_count":"","_tribe_tickets_list":"[]","_tribe_ticket_has_attendee_info_fields":false,"footnotes":"","_links_to":"","_links_to_target":""},"categories":[549,312,399,309],"tags":[],"class_list":["post-66176","post","type-post","status-publish","format-standard","has-post-thumbnail","hentry","category-ano-2023","category-destaque-pequeno-inferior","category-institucional","category-ultimas-noticias","entry","has-media"],"_links":{"self":[{"href":"https:\/\/crarn.org.br\/index.php?rest_route=\/wp\/v2\/posts\/66176","targetHints":{"allow":["GET"]}}],"collection":[{"href":"https:\/\/crarn.org.br\/index.php?rest_route=\/wp\/v2\/posts"}],"about":[{"href":"https:\/\/crarn.org.br\/index.php?rest_route=\/wp\/v2\/types\/post"}],"author":[{"embeddable":true,"href":"https:\/\/crarn.org.br\/index.php?rest_route=\/wp\/v2\/users\/26"}],"replies":[{"embeddable":true,"href":"https:\/\/crarn.org.br\/index.php?rest_route=%2Fwp%2Fv2%2Fcomments&post=66176"}],"version-history":[{"count":1,"href":"https:\/\/crarn.org.br\/index.php?rest_route=\/wp\/v2\/posts\/66176\/revisions"}],"predecessor-version":[{"id":66178,"href":"https:\/\/crarn.org.br\/index.php?rest_route=\/wp\/v2\/posts\/66176\/revisions\/66178"}],"wp:featuredmedia":[{"embeddable":true,"href":"https:\/\/crarn.org.br\/index.php?rest_route=\/wp\/v2\/media\/66177"}],"wp:attachment":[{"href":"https:\/\/crarn.org.br\/index.php?rest_route=%2Fwp%2Fv2%2Fmedia&parent=66176"}],"wp:term":[{"taxonomy":"category","embeddable":true,"href":"https:\/\/crarn.org.br\/index.php?rest_route=%2Fwp%2Fv2%2Fcategories&post=66176"},{"taxonomy":"post_tag","embeddable":true,"href":"https:\/\/crarn.org.br\/index.php?rest_route=%2Fwp%2Fv2%2Ftags&post=66176"}],"curies":[{"name":"wp","href":"https:\/\/api.w.org\/{rel}","templated":true}]}}