{"id":66161,"date":"2023-09-06T11:04:35","date_gmt":"2023-09-06T14:04:35","guid":{"rendered":"https:\/\/crarn.org.br\/?p=66161"},"modified":"2023-09-06T11:04:37","modified_gmt":"2023-09-06T14:04:37","slug":"cra-rn-marca-presenca-na-regiao-oeste","status":"publish","type":"post","link":"https:\/\/crarn.org.br\/?p=66161","title":{"rendered":"CRA-RN marca presen\u00e7a na Regi\u00e3o Oeste"},"content":{"rendered":"\n<p>Dentro das comemora\u00e7\u00f5es do Dia do Profissional de Administra\u00e7\u00e3o, o presidente do CRA-RN, Adm. Fl\u00e1vio Em\u00edlio Cavalcanti, esteve em Mossor\u00f3 e Assu nesta ter\u00e7a-feira e hoje permanece em Assu.<\/p>\n<p>Em Mossor\u00f3, ele participou da abertura da I Semana de Administra\u00e7\u00e3o da Uninassau e da \u201cCerim\u00f4nia do Blazer\u201d, realizada com os alunos do primeiro e segundo per\u00edodos do curso.<\/p>\n<p>Durante a abertura, que contou com a presen\u00e7a da diretora da unidade, a professora e Adm. M\u00e9rcia Barreto, da coordenadora do curso de Administra\u00e7\u00e3o, professora Pryscilla Dantas, professores, alunos e familiares, o presidente fez uma palestra com o tema \u201cO mundo mudou e voc\u00ea?\u201d.<\/p>\n<p>\u00c0 noite, em Assu, Fl\u00e1vio Em\u00edlio esteve na Facesa, onde falou aos alunos do curso de Administra\u00e7\u00e3o.<\/p>\n<p>Em sua palestra, apresentou discuss\u00f5es e reflex\u00f5es acerca das mudan\u00e7as que ocorrem no contexto externo e interno das organiza\u00e7\u00f5es, como tamb\u00e9m as suas principais implica\u00e7\u00f5es na forma\u00e7\u00e3o do Administrador.<\/p>\n<p>Hoje \u00e0 noite, ele marcar\u00e1 presen\u00e7a no 1\u00ba Semin\u00e1rio Assuense do Dia do Profissional de Administra\u00e7\u00e3o, no audit\u00f3rio do CETEP, com uma palestra sobre \u201cOportunidades de atua\u00e7\u00e3o profissional na \u00e1rea de Administra\u00e7\u00e3o\u201d.<\/p>\n<button class=\"simplefavorite-button\" data-postid=\"66161\" data-siteid=\"1\" data-groupid=\"1\" data-favoritecount=\"0\" style=\"\">Favorite <i class=\"sf-icon-star-empty\"><\/i><\/button>","protected":false},"excerpt":{"rendered":"<p>Dentro das comemora\u00e7\u00f5es do Dia do Profissional de Administra\u00e7\u00e3o, o presidente do CRA-RN, Adm. Fl\u00e1vio Em\u00edlio Cavalcanti, esteve em Mossor\u00f3 e Assu nesta ter\u00e7a-feira e hoje permanece em Assu. Em Mossor\u00f3, ele participou da abertura da I Semana de Administra\u00e7\u00e3o da Uninassau e da \u201cCerim\u00f4nia do Blazer\u201d, realizada com os alunos do primeiro e segundo<a class=\"read-more\" href=\"https:\/\/crarn.org.br\/?p=66161\"> [&hellip;]<\/a><\/p>\n","protected":false},"author":26,"featured_media":66164,"comment_status":"closed","ping_status":"open","sticky":true,"template":"","format":"standard","meta":{"_price":"","_stock":"","_tribe_ticket_header":"","_tribe_default_ticket_provider":"","_tribe_ticket_capacity":"0","_ticket_start_date":"","_ticket_end_date":"","_tribe_ticket_show_description":"","_tribe_ticket_show_not_going":false,"_tribe_ticket_use_global_stock":"","_tribe_ticket_global_stock_level":"","_global_stock_mode":"","_global_stock_cap":"","_tribe_rsvp_for_event":"","_tribe_ticket_going_count":"","_tribe_ticket_not_going_count":"","_tribe_tickets_list":"[]","_tribe_ticket_has_attendee_info_fields":false,"footnotes":"","_links_to":"","_links_to_target":""},"categories":[549,312,320,309],"tags":[],"class_list":["post-66161","post","type-post","status-publish","format-standard","has-post-thumbnail","hentry","category-ano-2023","category-destaque-pequeno-inferior","category-home","category-ultimas-noticias","entry","has-media"],"_links":{"self":[{"href":"https:\/\/crarn.org.br\/index.php?rest_route=\/wp\/v2\/posts\/66161","targetHints":{"allow":["GET"]}}],"collection":[{"href":"https:\/\/crarn.org.br\/index.php?rest_route=\/wp\/v2\/posts"}],"about":[{"href":"https:\/\/crarn.org.br\/index.php?rest_route=\/wp\/v2\/types\/post"}],"author":[{"embeddable":true,"href":"https:\/\/crarn.org.br\/index.php?rest_route=\/wp\/v2\/users\/26"}],"replies":[{"embeddable":true,"href":"https:\/\/crarn.org.br\/index.php?rest_route=%2Fwp%2Fv2%2Fcomments&post=66161"}],"version-history":[{"count":1,"href":"https:\/\/crarn.org.br\/index.php?rest_route=\/wp\/v2\/posts\/66161\/revisions"}],"predecessor-version":[{"id":66163,"href":"https:\/\/crarn.org.br\/index.php?rest_route=\/wp\/v2\/posts\/66161\/revisions\/66163"}],"wp:featuredmedia":[{"embeddable":true,"href":"https:\/\/crarn.org.br\/index.php?rest_route=\/wp\/v2\/media\/66164"}],"wp:attachment":[{"href":"https:\/\/crarn.org.br\/index.php?rest_route=%2Fwp%2Fv2%2Fmedia&parent=66161"}],"wp:term":[{"taxonomy":"category","embeddable":true,"href":"https:\/\/crarn.org.br\/index.php?rest_route=%2Fwp%2Fv2%2Fcategories&post=66161"},{"taxonomy":"post_tag","embeddable":true,"href":"https:\/\/crarn.org.br\/index.php?rest_route=%2Fwp%2Fv2%2Ftags&post=66161"}],"curies":[{"name":"wp","href":"https:\/\/api.w.org\/{rel}","templated":true}]}}