{"id":66156,"date":"2023-09-04T14:30:18","date_gmt":"2023-09-04T17:30:18","guid":{"rendered":"https:\/\/crarn.org.br\/?p=66156"},"modified":"2023-09-04T14:33:25","modified_gmt":"2023-09-04T17:33:25","slug":"assembleia-legislativa-do-rn-homenageia-profissionais-de-administracao","status":"publish","type":"post","link":"https:\/\/crarn.org.br\/?p=66156","title":{"rendered":"Assembleia Legislativa do RN homenageia profissionais de Administra\u00e7\u00e3o"},"content":{"rendered":"\n<p>Na manh\u00e3 desta segunda-feira (04), a Assembleia Legislativa do RN, realizou uma Sess\u00e3o Solene em homenagem pela passagem do Dia do Profissional de Administra\u00e7\u00e3o e pelos 35 anos do Conselho Regional de Administra\u00e7\u00e3o do Rio Grande do Norte.<\/p>\n<p>A homenagem, que contou com presen\u00e7a de representantes da Prefeitura de Natal, Governo do RN, UFRN e prefeitos, foi proposta pelo Deputado Kleber Rodrigues, tamb\u00e9m profissional da \u00e1rea.<\/p>\n<p>Na ocasi\u00e3o, foram celebrados os prefeitos do RN que s\u00e3o bachar\u00e9is em Administra\u00e7\u00e3o: Gilson Dantas de Oliveira, prefeito de Carna\u00faba dos Dantas; Luciano Silva Santos, prefeito de Lagoa Nova; Marcos Aur\u00e9lio de Paiva R\u00eago, prefeito de Riacho da Cruz; Odon Oliveira de Souza J\u00fanior , prefeito de Currais Novos; Rosano Taveira da Cunha, prefeito de Parnamirim; Cinthia Sonale Silva Alves e Souza, prefeita de Grossos; Hudson Pereira de Brito, prefeito de Santana do Serid\u00f3 e \u00a0Lusimar Porfirio da Silva, prefeito de S\u00e3o Francisco do Oeste.<\/p>\n<p>Ao abrir a Sess\u00e3o, o Deputado Kleber destacou os dois marcos importantes que motivaram a homenagem o seu encanto pelo trabalho do administrador, com especial defer\u00eancia \u00e0 gest\u00e3o p\u00fablica. \u201cEm anos anteriores tive a honra de promover sess\u00f5es em homenagem aos profissionais da administra\u00e7\u00e3o. Neste ano, os administradores homenageados s\u00e3o todos gestores p\u00fablicos municipais. Esta foi a forma que encontramos de aplaudir, saudar todos aqueles profissionais da Administra\u00e7\u00e3o que aplicam seus conhecimentos, sua voca\u00e7\u00e3o e devo\u00e7\u00e3o \u00e0 sua gente, ao nosso povo\u201d, reconheceu.<\/p>\n<p>Ao representar os homenageados, o prefeito de Carna\u00faba dos Dantas, Adm. Gilson Dantas, falou da honra em falar pela categoria de profissionais e estudantes de administra\u00e7\u00e3o, salientando os desafios enfrentados pela gest\u00e3o e o diferencial que a profiss\u00e3o de administrador traz neste contexto. \u201cPrecisamos defender continuamente nosso espa\u00e7o, lugares que devem ser ocupados pelo administrador, principalmente na gest\u00e3o p\u00fablica, onde, muitas vezes o gestor \u00e9 escolhido por indica\u00e7\u00e3o pol\u00edtica onde n\u00e3o tem a compet\u00eancia de administrar. Preciso registrar essa defesa em favor do nosso reconhecimento enquanto profissionais na busca de garantir o espa\u00e7o da nossa categoria, a boa gest\u00e3o passa obrigatoriamente por todos n\u00f3s\u201d, defendeu.<\/p>\n<p>O presidente do CRA-RN, Adm. Fl\u00e1vio Em\u00edlio Cavalcanti, fez os agradecimentos em nome do Conselho, apontou a import\u00e2ncia do m\u00eas de setembro para os profissionais de Administra\u00e7\u00e3o e, de surpresa, chamou o Deputado e Administrador, Kleber Rodrigues para tamb\u00e9m receber uma homenagem especial.<\/p>\n<p>Em sua fala, Fl\u00e1vio ressaltou os 35 anos de cria\u00e7\u00e3o do CRA-RN, a miss\u00e3o e as dificuldades enfrentadas pelo Sistema CFA\/CRAs, que re\u00fane os 27 conselhos, para defender a profiss\u00e3o. \u201cA luta \u00e9 defender e fazer respeitar a nossa profiss\u00e3o. N\u00e3o \u00e9 uma tarefa simples. \u00c9 uma luta permeada de pol\u00eamicas, de conflitos, \u00e0s vezes at\u00e9 de incompreens\u00f5es, mas seguimos confiantes e conduzindo o CRA-RN atrav\u00e9s da lideran\u00e7a pela influ\u00eancia e pelo di\u00e1logo\u201d, afirmou.<\/p>\n<p>\u00a0<\/p>\n<p>\u00a0<\/p>\n<p>\u00a0<\/p>\n<button class=\"simplefavorite-button\" data-postid=\"66156\" data-siteid=\"1\" data-groupid=\"1\" data-favoritecount=\"0\" style=\"\">Favorite <i class=\"sf-icon-star-empty\"><\/i><\/button>","protected":false},"excerpt":{"rendered":"<p>Na manh\u00e3 desta segunda-feira (04), a Assembleia Legislativa do RN, realizou uma Sess\u00e3o Solene em homenagem pela passagem do Dia do Profissional de Administra\u00e7\u00e3o e pelos 35 anos do Conselho Regional de Administra\u00e7\u00e3o do Rio Grande do Norte. A homenagem, que contou com presen\u00e7a de representantes da Prefeitura de Natal, Governo do RN, UFRN e<a class=\"read-more\" href=\"https:\/\/crarn.org.br\/?p=66156\"> [&hellip;]<\/a><\/p>\n","protected":false},"author":26,"featured_media":66159,"comment_status":"closed","ping_status":"open","sticky":true,"template":"","format":"standard","meta":{"_price":"","_stock":"","_tribe_ticket_header":"","_tribe_default_ticket_provider":"","_tribe_ticket_capacity":"0","_ticket_start_date":"","_ticket_end_date":"","_tribe_ticket_show_description":"","_tribe_ticket_show_not_going":false,"_tribe_ticket_use_global_stock":"","_tribe_ticket_global_stock_level":"","_global_stock_mode":"","_global_stock_cap":"","_tribe_rsvp_for_event":"","_tribe_ticket_going_count":"","_tribe_ticket_not_going_count":"","_tribe_tickets_list":"[]","_tribe_ticket_has_attendee_info_fields":false,"footnotes":"","_links_to":"","_links_to_target":""},"categories":[549,310,320,399,309],"tags":[],"class_list":["post-66156","post","type-post","status-publish","format-standard","has-post-thumbnail","hentry","category-ano-2023","category-destaque-grande","category-home","category-institucional","category-ultimas-noticias","entry","has-media"],"_links":{"self":[{"href":"https:\/\/crarn.org.br\/index.php?rest_route=\/wp\/v2\/posts\/66156","targetHints":{"allow":["GET"]}}],"collection":[{"href":"https:\/\/crarn.org.br\/index.php?rest_route=\/wp\/v2\/posts"}],"about":[{"href":"https:\/\/crarn.org.br\/index.php?rest_route=\/wp\/v2\/types\/post"}],"author":[{"embeddable":true,"href":"https:\/\/crarn.org.br\/index.php?rest_route=\/wp\/v2\/users\/26"}],"replies":[{"embeddable":true,"href":"https:\/\/crarn.org.br\/index.php?rest_route=%2Fwp%2Fv2%2Fcomments&post=66156"}],"version-history":[{"count":1,"href":"https:\/\/crarn.org.br\/index.php?rest_route=\/wp\/v2\/posts\/66156\/revisions"}],"predecessor-version":[{"id":66158,"href":"https:\/\/crarn.org.br\/index.php?rest_route=\/wp\/v2\/posts\/66156\/revisions\/66158"}],"wp:featuredmedia":[{"embeddable":true,"href":"https:\/\/crarn.org.br\/index.php?rest_route=\/wp\/v2\/media\/66159"}],"wp:attachment":[{"href":"https:\/\/crarn.org.br\/index.php?rest_route=%2Fwp%2Fv2%2Fmedia&parent=66156"}],"wp:term":[{"taxonomy":"category","embeddable":true,"href":"https:\/\/crarn.org.br\/index.php?rest_route=%2Fwp%2Fv2%2Fcategories&post=66156"},{"taxonomy":"post_tag","embeddable":true,"href":"https:\/\/crarn.org.br\/index.php?rest_route=%2Fwp%2Fv2%2Ftags&post=66156"}],"curies":[{"name":"wp","href":"https:\/\/api.w.org\/{rel}","templated":true}]}}