{"id":66151,"date":"2023-09-01T16:45:17","date_gmt":"2023-09-01T19:45:17","guid":{"rendered":"https:\/\/crarn.org.br\/?p=66151"},"modified":"2023-09-01T16:45:19","modified_gmt":"2023-09-01T19:45:19","slug":"presidente-do-cra-rn-abre-o-mes-comemorativo-do-profissional-de-adm","status":"publish","type":"post","link":"https:\/\/crarn.org.br\/?p=66151","title":{"rendered":"Presidente do CRA-RN abre o m\u00eas comemorativo do profissional de ADM"},"content":{"rendered":"\n<p>O presidente do CRA-RN, Adm. Fl\u00e1vio Em\u00edlio Cavalcanti, abriu o m\u00eas comemorativo do profissional de Administra\u00e7\u00e3o, participando do II Caf\u00e9 ADM Caern, na sede da empresa, organizado pela Gerente de Desenvolvimento Humano, Adm. Vilma F\u00e9lix.<\/p>\n<p>Participaram do momento, os profissionais servidores da CAERN, que atuam nos diversos setores da empresa.<\/p>\n<p>Na ocasi\u00e3o, o presidente do CRA-RN destacou a import\u00e2ncia de comemorar, ao mesmo tempo em que \u00e9 preciso defender a profiss\u00e3o, fazendo com que ela ganhe cada vez mais visibilidade e respeito. \u201cO CRA-RN faz a parte dele de forma institucional, mas cabe a cada profissional fazer a sua parte, trabalhando de maneira s\u00e9ria, relevante, produtiva e, principalmente, agregando efici\u00eancia na gest\u00e3o de pessoas, de processos e entregando resultados cada vez melhores. Tudo isso faz a nossa profiss\u00e3o ser cada dia mais significativa e mais necess\u00e1ria para a sociedade e para o nosso pa\u00eds\u201d, defendeu.<\/p>\n<p>&nbsp;<\/p>\n<button class=\"simplefavorite-button\" data-postid=\"66151\" data-siteid=\"1\" data-groupid=\"1\" data-favoritecount=\"0\" style=\"\">Favorite <i class=\"sf-icon-star-empty\"><\/i><\/button>","protected":false},"excerpt":{"rendered":"<p>O presidente do CRA-RN, Adm. Fl\u00e1vio Em\u00edlio Cavalcanti, abriu o m\u00eas comemorativo do profissional de Administra\u00e7\u00e3o, participando do II Caf\u00e9 ADM Caern, na sede da empresa, organizado pela Gerente de Desenvolvimento Humano, Adm. Vilma F\u00e9lix. Participaram do momento, os profissionais servidores da CAERN, que atuam nos diversos setores da empresa. Na ocasi\u00e3o, o presidente do<a class=\"read-more\" href=\"https:\/\/crarn.org.br\/?p=66151\"> [&hellip;]<\/a><\/p>\n","protected":false},"author":26,"featured_media":66152,"comment_status":"closed","ping_status":"open","sticky":true,"template":"","format":"standard","meta":{"_price":"","_stock":"","_tribe_ticket_header":"","_tribe_default_ticket_provider":"","_tribe_ticket_capacity":"0","_ticket_start_date":"","_ticket_end_date":"","_tribe_ticket_show_description":"","_tribe_ticket_show_not_going":false,"_tribe_ticket_use_global_stock":"","_tribe_ticket_global_stock_level":"","_global_stock_mode":"","_global_stock_cap":"","_tribe_rsvp_for_event":"","_tribe_ticket_going_count":"","_tribe_ticket_not_going_count":"","_tribe_tickets_list":"[]","_tribe_ticket_has_attendee_info_fields":false,"footnotes":"","_links_to":"","_links_to_target":""},"categories":[549,311,320,399,1,309],"tags":[],"class_list":["post-66151","post","type-post","status-publish","format-standard","has-post-thumbnail","hentry","category-ano-2023","category-destaque-pequeno-superior","category-home","category-institucional","category-sem-categoria","category-ultimas-noticias","entry","has-media"],"_links":{"self":[{"href":"https:\/\/crarn.org.br\/index.php?rest_route=\/wp\/v2\/posts\/66151","targetHints":{"allow":["GET"]}}],"collection":[{"href":"https:\/\/crarn.org.br\/index.php?rest_route=\/wp\/v2\/posts"}],"about":[{"href":"https:\/\/crarn.org.br\/index.php?rest_route=\/wp\/v2\/types\/post"}],"author":[{"embeddable":true,"href":"https:\/\/crarn.org.br\/index.php?rest_route=\/wp\/v2\/users\/26"}],"replies":[{"embeddable":true,"href":"https:\/\/crarn.org.br\/index.php?rest_route=%2Fwp%2Fv2%2Fcomments&post=66151"}],"version-history":[{"count":1,"href":"https:\/\/crarn.org.br\/index.php?rest_route=\/wp\/v2\/posts\/66151\/revisions"}],"predecessor-version":[{"id":66153,"href":"https:\/\/crarn.org.br\/index.php?rest_route=\/wp\/v2\/posts\/66151\/revisions\/66153"}],"wp:featuredmedia":[{"embeddable":true,"href":"https:\/\/crarn.org.br\/index.php?rest_route=\/wp\/v2\/media\/66152"}],"wp:attachment":[{"href":"https:\/\/crarn.org.br\/index.php?rest_route=%2Fwp%2Fv2%2Fmedia&parent=66151"}],"wp:term":[{"taxonomy":"category","embeddable":true,"href":"https:\/\/crarn.org.br\/index.php?rest_route=%2Fwp%2Fv2%2Fcategories&post=66151"},{"taxonomy":"post_tag","embeddable":true,"href":"https:\/\/crarn.org.br\/index.php?rest_route=%2Fwp%2Fv2%2Ftags&post=66151"}],"curies":[{"name":"wp","href":"https:\/\/api.w.org\/{rel}","templated":true}]}}