{"id":66136,"date":"2023-08-25T16:21:45","date_gmt":"2023-08-25T19:21:45","guid":{"rendered":"https:\/\/crarn.org.br\/?p=66136"},"modified":"2023-08-25T16:21:47","modified_gmt":"2023-08-25T19:21:47","slug":"fiscalizacao-do-cra-rn-visita-municipios-da-regiao-do-serido","status":"publish","type":"post","link":"https:\/\/crarn.org.br\/?p=66136","title":{"rendered":"Fiscaliza\u00e7\u00e3o do CRA-RN visita munic\u00edpios da Regi\u00e3o do Serid\u00f3"},"content":{"rendered":"\n<p>Entre os dias 22 e 24 de agosto, a equipe de fiscaliza\u00e7\u00e3o do CRA-RN, realizou visitas t\u00e9cnicas aos munic\u00edpios de Acari, Timba\u00faba dos Batistas, Currais Novos e Caic\u00f3, na regi\u00e3o do Serid\u00f3.<\/p>\n<p>As visitas t\u00e9cnicas da equipe formada pela coordenadora de fiscaliza\u00e7\u00e3o, Adm. Tatiana Costa Pinto e pelo administrador fiscal, Adm. F\u00e1bio Maia, foram realizadas junto \u00e0s prefeituras dos munic\u00edpios e tiveram como objetivo fazer um levantamento sobre a aprova\u00e7\u00e3o do projeto de inser\u00e7\u00e3o de profissionais da \u00e1rea de administra\u00e7\u00e3o no quadro efetivo das administra\u00e7\u00f5es municipais, fruto de projeto sugerido pelo CRA-RN.<\/p>\n<p>Nas reuni\u00f5es, realizadas com secret\u00e1rios e representantes das \u00e1reas de finan\u00e7as, administra\u00e7\u00e3o CPL, Controladoria, Recursos Humanos, chefia de gabinete, coordenadores e assessores jur\u00eddicos dos munic\u00edpios, tamb\u00e9m foi refor\u00e7ada a necessidade do cumprimento da Lei 4.769\/65 e informadas as novas formas de fiscaliza\u00e7\u00e3o do CRA-RN, com foco em empresas vencedoras de certames licitat\u00f3rios.<\/p>\n<p>As prefeituras ainda foram informadas acerca do in\u00edcio de fiscaliza\u00e7\u00e3o relacionada \u00e0 supervis\u00e3o de estagi\u00e1rios em \u00e1rea da administra\u00e7\u00e3o, a qual dever\u00e1 ser realizada por profissional registrado no Regional, cumprindo as orienta\u00e7\u00f5es do acordo firmado entre o CFA e o Minist\u00e9rio P\u00fablico do Trabalho.<\/p>\n<p>A equipe do CRA-RN tamb\u00e9m apresentou aos representantes das prefeituras de cada uma das cidades visitadas, o IGM-CFA ferramenta inovadora desenvolvida pelo CFA, que possibilita a medi\u00e7\u00e3o da qualidade da gest\u00e3o p\u00fablica municipal e pode servir de referencial para os prefeitos elaborarem as pol\u00edticas p\u00fablicas dos munic\u00edpios.<\/p>\n<p>Al\u00e9m das visitas t\u00e9cnicas \u00e0s prefeituras, o administrador fiscal do CRA-RN, F\u00e1bio Maia, realizou fiscaliza\u00e7\u00e3o em dez empresas de consultoria empresarial, naquela regi\u00e3o, com a finalidade de verificar se exerciam legalmente a profiss\u00e3o, de acordo com a lei que rege a profiss\u00e3o.<\/p>\n<button class=\"simplefavorite-button\" data-postid=\"66136\" data-siteid=\"1\" data-groupid=\"1\" data-favoritecount=\"0\" style=\"\">Favorite <i class=\"sf-icon-star-empty\"><\/i><\/button>","protected":false},"excerpt":{"rendered":"<p>Entre os dias 22 e 24 de agosto, a equipe de fiscaliza\u00e7\u00e3o do CRA-RN, realizou visitas t\u00e9cnicas aos munic\u00edpios de Acari, Timba\u00faba dos Batistas, Currais Novos e Caic\u00f3, na regi\u00e3o do Serid\u00f3. As visitas t\u00e9cnicas da equipe formada pela coordenadora de fiscaliza\u00e7\u00e3o, Adm. Tatiana Costa Pinto e pelo administrador fiscal, Adm. F\u00e1bio Maia, foram realizadas<a class=\"read-more\" href=\"https:\/\/crarn.org.br\/?p=66136\"> [&hellip;]<\/a><\/p>\n","protected":false},"author":26,"featured_media":66139,"comment_status":"closed","ping_status":"open","sticky":true,"template":"","format":"standard","meta":{"_price":"","_stock":"","_tribe_ticket_header":"","_tribe_default_ticket_provider":"","_tribe_ticket_capacity":"0","_ticket_start_date":"","_ticket_end_date":"","_tribe_ticket_show_description":"","_tribe_ticket_show_not_going":false,"_tribe_ticket_use_global_stock":"","_tribe_ticket_global_stock_level":"","_global_stock_mode":"","_global_stock_cap":"","_tribe_rsvp_for_event":"","_tribe_ticket_going_count":"","_tribe_ticket_not_going_count":"","_tribe_tickets_list":"[]","_tribe_ticket_has_attendee_info_fields":false,"footnotes":"","_links_to":"","_links_to_target":""},"categories":[549,310,320,399,309],"tags":[],"class_list":["post-66136","post","type-post","status-publish","format-standard","has-post-thumbnail","hentry","category-ano-2023","category-destaque-grande","category-home","category-institucional","category-ultimas-noticias","entry","has-media"],"_links":{"self":[{"href":"https:\/\/crarn.org.br\/index.php?rest_route=\/wp\/v2\/posts\/66136","targetHints":{"allow":["GET"]}}],"collection":[{"href":"https:\/\/crarn.org.br\/index.php?rest_route=\/wp\/v2\/posts"}],"about":[{"href":"https:\/\/crarn.org.br\/index.php?rest_route=\/wp\/v2\/types\/post"}],"author":[{"embeddable":true,"href":"https:\/\/crarn.org.br\/index.php?rest_route=\/wp\/v2\/users\/26"}],"replies":[{"embeddable":true,"href":"https:\/\/crarn.org.br\/index.php?rest_route=%2Fwp%2Fv2%2Fcomments&post=66136"}],"version-history":[{"count":1,"href":"https:\/\/crarn.org.br\/index.php?rest_route=\/wp\/v2\/posts\/66136\/revisions"}],"predecessor-version":[{"id":66138,"href":"https:\/\/crarn.org.br\/index.php?rest_route=\/wp\/v2\/posts\/66136\/revisions\/66138"}],"wp:featuredmedia":[{"embeddable":true,"href":"https:\/\/crarn.org.br\/index.php?rest_route=\/wp\/v2\/media\/66139"}],"wp:attachment":[{"href":"https:\/\/crarn.org.br\/index.php?rest_route=%2Fwp%2Fv2%2Fmedia&parent=66136"}],"wp:term":[{"taxonomy":"category","embeddable":true,"href":"https:\/\/crarn.org.br\/index.php?rest_route=%2Fwp%2Fv2%2Fcategories&post=66136"},{"taxonomy":"post_tag","embeddable":true,"href":"https:\/\/crarn.org.br\/index.php?rest_route=%2Fwp%2Fv2%2Ftags&post=66136"}],"curies":[{"name":"wp","href":"https:\/\/api.w.org\/{rel}","templated":true}]}}