{"id":66133,"date":"2023-08-23T13:09:10","date_gmt":"2023-08-23T16:09:10","guid":{"rendered":"https:\/\/crarn.org.br\/?p=66133"},"modified":"2023-08-23T13:09:12","modified_gmt":"2023-08-23T16:09:12","slug":"cfa-lanca-guia-orientativo-para-publico-voltado-a-gestao-condominial","status":"publish","type":"post","link":"https:\/\/crarn.org.br\/?p=66133","title":{"rendered":"CFA lan\u00e7a guia orientativo para p\u00fablico voltado \u00e0 gest\u00e3o condominial"},"content":{"rendered":"\n<header class=\"entry-header clr\"><\/header>\n<div class=\"entry-content clr\">\n<p><i>Cartilha \u00e9 direcionada a todos os stakeholders envolvidos na atividade. Envolve desde s\u00edndicos-moradores, s\u00edndicos-profissionais, moradores e empresas do ramo<\/i><\/p>\n<p>Mais de um quarto da popula\u00e7\u00e3o brasileira, 68 milh\u00f5es de pessoas, mora em condom\u00ednios \u2014\u00a0 de acordo com pesquisa da \u2018Associa\u00e7\u00e3o Brasileira de S\u00edndicos e S\u00edndicos Profissionais (ABRASSP)\u2019, apresentada ao Senado Federal. Juntos, os condom\u00ednios movimentam mais de R$ 165 bilh\u00f5es por ano no Pa\u00eds, segundo o mesmo levantamento.<\/p>\n<p>Os n\u00fameros explicam por que o segmento de administra\u00e7\u00e3o de condom\u00ednio aumentou tanto nos \u00faltimos anos:\u00a0 apenas\u00a0 em um ano, entre 2021 e 2022, aumentou 84% \u2014\u00a0 de acordo com dados do\u00a0<i>App Fixando,<\/i>\u00a0uma plataforma especializada em servi\u00e7os de profissionais liberais. Com a finalidade de proteger os cond\u00f4minos e a sociedade em geral, o Conselho Federal de Administra\u00e7\u00e3o (CFA), lan\u00e7ou\u00a0<b>O Guia Orientativo de Gest\u00e3o de Condom\u00ednios<\/b>.<\/p>\n<p>Com cerca de vinte p\u00e1ginas, e linguagem simples e objetiva, o guia \u00e9 voltado a s\u00edndicos, moradores e profissionais que atuam na \u00e1rea. Ele tem como fun\u00e7\u00e3o alertar a sociedade sobre a import\u00e2ncia de regula\u00e7\u00e3o da \u00e1rea, ante o preju\u00edzo que uma pessoa n\u00e3o qualificada e sem registro profissional pode gerar aos cond\u00f4minos.<\/p>\n<p>Administrar condom\u00ednios exige conhecimentos espec\u00edficos em \u00e1reas como administra\u00e7\u00e3o financeira, administra\u00e7\u00e3o patrimonial, gest\u00e3o de pessoas e administra\u00e7\u00e3o de material. Assim como o acionista de uma grande organiza\u00e7\u00e3o n\u00e3o entrega sua empresa para uma pessoa sem preparo administr\u00e1-la, o s\u00edndico-morador ou mesmo s\u00edndico-profissional n\u00e3o deve exercer a fun\u00e7\u00e3o sem ter preparo t\u00e9cnico, ou mesmo contratar ou subcontratar empresas sem a devida experi\u00eancia profissional e transpar\u00eancia junto aos moradores.<\/p>\n<p>Quando algu\u00e9m ocupa a fun\u00e7\u00e3o de administrador e n\u00e3o possui a devida qualifica\u00e7\u00e3o educacional, e nem registro no Conselho Regional de Administra\u00e7\u00e3o, tal pessoa pratica o exerc\u00edcio irregular da profiss\u00e3o, de administrador ou de tecn\u00f3logo em gest\u00e3o condominial. Com isso, o condom\u00ednio poder\u00e1 ficar vulner\u00e1vel em quest\u00f5es como d\u00edvidas trabalhistas, superfaturamento, gastos desnecess\u00e1rios e muito mais.<\/p>\n<p>A cartilha, a seguir, responde quest\u00f5es como: 1) O que \u00e9 o segmento de administra\u00e7\u00e3o de condom\u00ednios? 2) Qual \u00e9 o objetivo do segmento de administra\u00e7\u00e3o de condom\u00ednios? e 3) Por que essa atividade deve ser fiscalizada pelo CRA?<\/p>\n<p>O guia vai al\u00e9m e explica tamb\u00e9m 4) Por que o CRA \u00e9 o \u00f3rg\u00e3o competente para fiscalizar? 5) Por que tal segmento empresarial \u00e9 importante para a sociedade? e 6) Consequ\u00eancias dos preju\u00edzos praticados por pessoas que n\u00e3o possuem responsabilidade pela gest\u00e3o.<\/p>\n<p>Outros temas\u00a0 tratados nas p\u00e1ginas a seguir s\u00e3o: 7) Por que a sindicatura \u00e9 importante para a sociedade? e 8) O s\u00edndico morador\/org\u00e2nico est\u00e1 dispensado do registro?<\/p>\n<p>S\u00e3o assuntos aparentemente simples, mas que na pr\u00e1tica n\u00e3o s\u00e3o. Envolvem quest\u00f5es legais em diferentes esferas, bem como patrimoniais e financeiras.<\/p>\n<p>Acesse o \u201c<a href=\"https:\/\/cfa.org.br\/wp-content\/uploads\/2023\/08\/zGUIA_DE_ADM._DE_CONDOMINIOS.pdf\"><b>Guia Orientativo de Gest\u00e3o de Condom\u00ednios<\/b><\/a>\u201d e saiba mais.<\/p>\n<p>\u00a0<\/p>\n<\/div>\n<button class=\"simplefavorite-button\" data-postid=\"66133\" data-siteid=\"1\" data-groupid=\"1\" data-favoritecount=\"0\" style=\"\">Favorite <i class=\"sf-icon-star-empty\"><\/i><\/button>","protected":false},"excerpt":{"rendered":"<p>Cartilha \u00e9 direcionada a todos os stakeholders envolvidos na atividade. Envolve desde s\u00edndicos-moradores, s\u00edndicos-profissionais, moradores e empresas do ramo Mais de um quarto da popula\u00e7\u00e3o brasileira, 68 milh\u00f5es de pessoas, mora em condom\u00ednios \u2014\u00a0 de acordo com pesquisa da \u2018Associa\u00e7\u00e3o Brasileira de S\u00edndicos e S\u00edndicos Profissionais (ABRASSP)\u2019, apresentada ao Senado Federal. Juntos, os condom\u00ednios movimentam<a class=\"read-more\" href=\"https:\/\/crarn.org.br\/?p=66133\"> [&hellip;]<\/a><\/p>\n","protected":false},"author":26,"featured_media":66134,"comment_status":"closed","ping_status":"open","sticky":true,"template":"","format":"standard","meta":{"_price":"","_stock":"","_tribe_ticket_header":"","_tribe_default_ticket_provider":"","_tribe_ticket_capacity":"0","_ticket_start_date":"","_ticket_end_date":"","_tribe_ticket_show_description":"","_tribe_ticket_show_not_going":false,"_tribe_ticket_use_global_stock":"","_tribe_ticket_global_stock_level":"","_global_stock_mode":"","_global_stock_cap":"","_tribe_rsvp_for_event":"","_tribe_ticket_going_count":"","_tribe_ticket_not_going_count":"","_tribe_tickets_list":"[]","_tribe_ticket_has_attendee_info_fields":false,"footnotes":"","_links_to":"","_links_to_target":""},"categories":[549,310,320,399,309],"tags":[],"class_list":["post-66133","post","type-post","status-publish","format-standard","has-post-thumbnail","hentry","category-ano-2023","category-destaque-grande","category-home","category-institucional","category-ultimas-noticias","entry","has-media"],"_links":{"self":[{"href":"https:\/\/crarn.org.br\/index.php?rest_route=\/wp\/v2\/posts\/66133","targetHints":{"allow":["GET"]}}],"collection":[{"href":"https:\/\/crarn.org.br\/index.php?rest_route=\/wp\/v2\/posts"}],"about":[{"href":"https:\/\/crarn.org.br\/index.php?rest_route=\/wp\/v2\/types\/post"}],"author":[{"embeddable":true,"href":"https:\/\/crarn.org.br\/index.php?rest_route=\/wp\/v2\/users\/26"}],"replies":[{"embeddable":true,"href":"https:\/\/crarn.org.br\/index.php?rest_route=%2Fwp%2Fv2%2Fcomments&post=66133"}],"version-history":[{"count":1,"href":"https:\/\/crarn.org.br\/index.php?rest_route=\/wp\/v2\/posts\/66133\/revisions"}],"predecessor-version":[{"id":66135,"href":"https:\/\/crarn.org.br\/index.php?rest_route=\/wp\/v2\/posts\/66133\/revisions\/66135"}],"wp:featuredmedia":[{"embeddable":true,"href":"https:\/\/crarn.org.br\/index.php?rest_route=\/wp\/v2\/media\/66134"}],"wp:attachment":[{"href":"https:\/\/crarn.org.br\/index.php?rest_route=%2Fwp%2Fv2%2Fmedia&parent=66133"}],"wp:term":[{"taxonomy":"category","embeddable":true,"href":"https:\/\/crarn.org.br\/index.php?rest_route=%2Fwp%2Fv2%2Fcategories&post=66133"},{"taxonomy":"post_tag","embeddable":true,"href":"https:\/\/crarn.org.br\/index.php?rest_route=%2Fwp%2Fv2%2Ftags&post=66133"}],"curies":[{"name":"wp","href":"https:\/\/api.w.org\/{rel}","templated":true}]}}