{"id":66124,"date":"2023-07-28T10:27:13","date_gmt":"2023-07-28T13:27:13","guid":{"rendered":"https:\/\/crarn.org.br\/?p=66124"},"modified":"2023-07-28T10:27:15","modified_gmt":"2023-07-28T13:27:15","slug":"cra-rn-marca-presenca-no-3-encontro-do-cra-jovem-em-fortaleza","status":"publish","type":"post","link":"https:\/\/crarn.org.br\/?p=66124","title":{"rendered":"CRA-RN marca presen\u00e7a no 3\u00b0 Encontro do CRA Jovem, em Fortaleza"},"content":{"rendered":"\n<p>Os representantes do CRA-RN, presidente, Adm. Fl\u00e1vio Em\u00edlio Cavalcanti, conselheiro federal pelo RN, Adm. J\u00falio Rezende e conselheiro suplente e coordenador da comiss\u00e3o CRA-RN Jovem, Adm. Daniel Fonseca, est\u00e3o em Fortaleza, onde participam do 3\u00b0 Encontro do CRA Jovem, promovido pelo CRA-CE.<\/p>\n<p>O evento, destinado ao p\u00fablico formado por estudantes, jovens administradores e t\u00e9cnicos de n\u00edvel m\u00e9dio ligados \u00e0 \u00e1rea de administra\u00e7\u00e3o, tem como tema central &#8220;O Protagonismo do Jovem no Mercado de Trabalho\u201d e pretende capacitar e inspirar os participantes, preparando-os para se destacarem no mundo profissional.<\/p>\n<p>Entre os palestrantes, conta com especialistas da \u00e1rea de administra\u00e7\u00e3o, que compartilhar\u00e3o suas experi\u00eancias, conhecimentos e insights sobre as demandas e tend\u00eancias do mercado de trabalho atual.<\/p>\n<p>Para o presidente do CRA-RN, a participa\u00e7\u00e3o do regional traz uma vis\u00e3o maior sobre o projeto CRA-Jovem. \u201cO CRA Jovem \u00e9 uma iniciativa vencedora do sistema CFA CRAs em todo o Brasil, pois mostra a for\u00e7a da juventude e atesta que nossa profiss\u00e3o \u00e9 capaz de se renovar e se reinventar. O CRA-RN coloca o segmento jovem como prioridade e vem investindo no crescimento da presen\u00e7a e di\u00e1logo com o p\u00fablico estudantil e as institui\u00e7\u00f5es de ensino t\u00e9cnico e superior em nosso estado\u201d, afirmou.<\/p>\n<button class=\"simplefavorite-button\" data-postid=\"66124\" data-siteid=\"1\" data-groupid=\"1\" data-favoritecount=\"0\" style=\"\">Favorite <i class=\"sf-icon-star-empty\"><\/i><\/button>","protected":false},"excerpt":{"rendered":"<p>Os representantes do CRA-RN, presidente, Adm. Fl\u00e1vio Em\u00edlio Cavalcanti, conselheiro federal pelo RN, Adm. J\u00falio Rezende e conselheiro suplente e coordenador da comiss\u00e3o CRA-RN Jovem, Adm. Daniel Fonseca, est\u00e3o em Fortaleza, onde participam do 3\u00b0 Encontro do CRA Jovem, promovido pelo CRA-CE. O evento, destinado ao p\u00fablico formado por estudantes, jovens administradores e t\u00e9cnicos de<a class=\"read-more\" href=\"https:\/\/crarn.org.br\/?p=66124\"> [&hellip;]<\/a><\/p>\n","protected":false},"author":26,"featured_media":66125,"comment_status":"closed","ping_status":"open","sticky":true,"template":"","format":"standard","meta":{"_price":"","_stock":"","_tribe_ticket_header":"","_tribe_default_ticket_provider":"","_tribe_ticket_capacity":"0","_ticket_start_date":"","_ticket_end_date":"","_tribe_ticket_show_description":"","_tribe_ticket_show_not_going":false,"_tribe_ticket_use_global_stock":"","_tribe_ticket_global_stock_level":"","_global_stock_mode":"","_global_stock_cap":"","_tribe_rsvp_for_event":"","_tribe_ticket_going_count":"","_tribe_ticket_not_going_count":"","_tribe_tickets_list":"[]","_tribe_ticket_has_attendee_info_fields":false,"footnotes":"","_links_to":"","_links_to_target":""},"categories":[549,310,320,399,309],"tags":[],"class_list":["post-66124","post","type-post","status-publish","format-standard","has-post-thumbnail","hentry","category-ano-2023","category-destaque-grande","category-home","category-institucional","category-ultimas-noticias","entry","has-media"],"_links":{"self":[{"href":"https:\/\/crarn.org.br\/index.php?rest_route=\/wp\/v2\/posts\/66124","targetHints":{"allow":["GET"]}}],"collection":[{"href":"https:\/\/crarn.org.br\/index.php?rest_route=\/wp\/v2\/posts"}],"about":[{"href":"https:\/\/crarn.org.br\/index.php?rest_route=\/wp\/v2\/types\/post"}],"author":[{"embeddable":true,"href":"https:\/\/crarn.org.br\/index.php?rest_route=\/wp\/v2\/users\/26"}],"replies":[{"embeddable":true,"href":"https:\/\/crarn.org.br\/index.php?rest_route=%2Fwp%2Fv2%2Fcomments&post=66124"}],"version-history":[{"count":1,"href":"https:\/\/crarn.org.br\/index.php?rest_route=\/wp\/v2\/posts\/66124\/revisions"}],"predecessor-version":[{"id":66126,"href":"https:\/\/crarn.org.br\/index.php?rest_route=\/wp\/v2\/posts\/66124\/revisions\/66126"}],"wp:featuredmedia":[{"embeddable":true,"href":"https:\/\/crarn.org.br\/index.php?rest_route=\/wp\/v2\/media\/66125"}],"wp:attachment":[{"href":"https:\/\/crarn.org.br\/index.php?rest_route=%2Fwp%2Fv2%2Fmedia&parent=66124"}],"wp:term":[{"taxonomy":"category","embeddable":true,"href":"https:\/\/crarn.org.br\/index.php?rest_route=%2Fwp%2Fv2%2Fcategories&post=66124"},{"taxonomy":"post_tag","embeddable":true,"href":"https:\/\/crarn.org.br\/index.php?rest_route=%2Fwp%2Fv2%2Ftags&post=66124"}],"curies":[{"name":"wp","href":"https:\/\/api.w.org\/{rel}","templated":true}]}}