{"id":66102,"date":"2023-07-18T13:49:00","date_gmt":"2023-07-18T16:49:00","guid":{"rendered":"https:\/\/crarn.org.br\/?p=66102"},"modified":"2023-07-18T13:49:02","modified_gmt":"2023-07-18T16:49:02","slug":"saiba-como-funciona-a-cobranca-dos-debitos-com-o-cra-rn","status":"publish","type":"post","link":"https:\/\/crarn.org.br\/?p=66102","title":{"rendered":"Saiba como funciona a cobran\u00e7a dos d\u00e9bitos com o CRA-RN"},"content":{"rendered":"\n<p>Sempre que o CRA-RN envia os d\u00e9bitos dos registrados inadimplentes para protesto em cart\u00f3rio, acontece uma grande procura por parte dos profissionais e empresas, que se sentem injusti\u00e7ados e n\u00e3o t\u00eam conhecimento de como funciona o fluxo de cobran\u00e7a das anuidades em atraso.<\/p>\n<p>Diante desta situa\u00e7\u00e3o, \u00e9 importante esclarecer, em todas as suas inst\u00e2ncias, como funciona a cobran\u00e7a das anuidades:<\/p>\n<p>&#8211; Anualmente, nos meses de janeiro e fevereiro, o CRA-RN oferece descontos para os pagamentos, em quota \u00fanica, da anuidade do exerc\u00edcio e, a possibilidade de parcelamento, sem acr\u00e9scimo, para os pagamentos realizados at\u00e9 30 de mar\u00e7o.<\/p>\n<p>&#8211; Como forma de facilitar a quita\u00e7\u00e3o de d\u00e9bitos antigos, sempre que necess\u00e1rio, O CFA lan\u00e7a o Programa Especial de Recupera\u00e7\u00e3o de Cr\u00e9ditos que oferece condi\u00e7\u00f5es especiais de parcelamento e descontos de at\u00e9 90% para a regulariza\u00e7\u00e3o das d\u00edvidas.<\/p>\n<p>&#8211; Durante estas etapas, o regional envia mensagens e e-mails para os inadimplentes alertando sobre o atraso e informando as formas de regulariza\u00e7\u00e3o.<\/p>\n<p>&#8211; Ao final de cada exerc\u00edcio, o setor financeiro inicia o processo formal de cobran\u00e7a das anuidades do exerc\u00edcio anterior que est\u00e3o em aberto, por meio do envio de uma notifica\u00e7\u00e3o administrativa, dando 30 dias para regulariza\u00e7\u00e3o da d\u00edvida.<\/p>\n<p>&#8211; Caso n\u00e3o haja a regulariza\u00e7\u00e3o dentro do per\u00edodo, ser\u00e1 enviada uma notifica\u00e7\u00e3o de inscri\u00e7\u00e3o em D\u00edvida Ativa, dando um novo prazo de 30 dias para pagamento.<\/p>\n<p>&#8211; Ao final deste prazo, se o d\u00e9bito n\u00e3o for regularizado, o CRA-RN envia para o cart\u00f3rio, podendo ocorrer o protesto, caso n\u00e3o seja pago.<\/p>\n<p>&#8211; Se ap\u00f3s todas estas etapas a d\u00edvida persistir, caso ela seja igual ou maior do que quatro vezes o valor da anuidade do exerc\u00edcio vigente, o profissional ou empresa ser\u00e1 encaminhado para a execu\u00e7\u00e3o fiscal na justi\u00e7a. Este processo est\u00e1 sendo retomado agora pelo regional.<\/p>\n<p>O CRA-RN tem o dever legal de adotar todos estes procedimentos de cobran\u00e7a e aqui fica o registro da transpar\u00eancia, do compromisso com a miss\u00e3o e do respeito ao profissional, quando informa e esclarece direitos e obriga\u00e7\u00f5es.<\/p>\n<p>Para os profissionais e empresas, fica o alerta para a import\u00e2ncia de manter as anuidades em dia, aproveitando os descontos e evitando aborrecimentos e o crescimento da d\u00edvida.<\/p>\n<p>\u00a0<\/p>\n<p>\u00a0<\/p>\n<p>\u00a0<\/p>\n<p>\u00a0<\/p>\n<p>\u00a0<\/p>\n<p>\u00a0<\/p>\n<button class=\"simplefavorite-button\" data-postid=\"66102\" data-siteid=\"1\" data-groupid=\"1\" data-favoritecount=\"0\" style=\"\">Favorite <i class=\"sf-icon-star-empty\"><\/i><\/button>","protected":false},"excerpt":{"rendered":"<p>Sempre que o CRA-RN envia os d\u00e9bitos dos registrados inadimplentes para protesto em cart\u00f3rio, acontece uma grande procura por parte dos profissionais e empresas, que se sentem injusti\u00e7ados e n\u00e3o t\u00eam conhecimento de como funciona o fluxo de cobran\u00e7a das anuidades em atraso. Diante desta situa\u00e7\u00e3o, \u00e9 importante esclarecer, em todas as suas inst\u00e2ncias, como<a class=\"read-more\" href=\"https:\/\/crarn.org.br\/?p=66102\"> [&hellip;]<\/a><\/p>\n","protected":false},"author":26,"featured_media":66103,"comment_status":"closed","ping_status":"open","sticky":true,"template":"","format":"standard","meta":{"_price":"","_stock":"","_tribe_ticket_header":"","_tribe_default_ticket_provider":"","_tribe_ticket_capacity":"0","_ticket_start_date":"","_ticket_end_date":"","_tribe_ticket_show_description":"","_tribe_ticket_show_not_going":false,"_tribe_ticket_use_global_stock":"","_tribe_ticket_global_stock_level":"","_global_stock_mode":"","_global_stock_cap":"","_tribe_rsvp_for_event":"","_tribe_ticket_going_count":"","_tribe_ticket_not_going_count":"","_tribe_tickets_list":"[]","_tribe_ticket_has_attendee_info_fields":false,"footnotes":"","_links_to":"","_links_to_target":""},"categories":[549,311,320,399,309],"tags":[],"class_list":["post-66102","post","type-post","status-publish","format-standard","has-post-thumbnail","hentry","category-ano-2023","category-destaque-pequeno-superior","category-home","category-institucional","category-ultimas-noticias","entry","has-media"],"_links":{"self":[{"href":"https:\/\/crarn.org.br\/index.php?rest_route=\/wp\/v2\/posts\/66102","targetHints":{"allow":["GET"]}}],"collection":[{"href":"https:\/\/crarn.org.br\/index.php?rest_route=\/wp\/v2\/posts"}],"about":[{"href":"https:\/\/crarn.org.br\/index.php?rest_route=\/wp\/v2\/types\/post"}],"author":[{"embeddable":true,"href":"https:\/\/crarn.org.br\/index.php?rest_route=\/wp\/v2\/users\/26"}],"replies":[{"embeddable":true,"href":"https:\/\/crarn.org.br\/index.php?rest_route=%2Fwp%2Fv2%2Fcomments&post=66102"}],"version-history":[{"count":1,"href":"https:\/\/crarn.org.br\/index.php?rest_route=\/wp\/v2\/posts\/66102\/revisions"}],"predecessor-version":[{"id":66104,"href":"https:\/\/crarn.org.br\/index.php?rest_route=\/wp\/v2\/posts\/66102\/revisions\/66104"}],"wp:featuredmedia":[{"embeddable":true,"href":"https:\/\/crarn.org.br\/index.php?rest_route=\/wp\/v2\/media\/66103"}],"wp:attachment":[{"href":"https:\/\/crarn.org.br\/index.php?rest_route=%2Fwp%2Fv2%2Fmedia&parent=66102"}],"wp:term":[{"taxonomy":"category","embeddable":true,"href":"https:\/\/crarn.org.br\/index.php?rest_route=%2Fwp%2Fv2%2Fcategories&post=66102"},{"taxonomy":"post_tag","embeddable":true,"href":"https:\/\/crarn.org.br\/index.php?rest_route=%2Fwp%2Fv2%2Ftags&post=66102"}],"curies":[{"name":"wp","href":"https:\/\/api.w.org\/{rel}","templated":true}]}}