{"id":66099,"date":"2023-07-17T12:19:11","date_gmt":"2023-07-17T15:19:11","guid":{"rendered":"https:\/\/crarn.org.br\/?p=66099"},"modified":"2023-07-17T12:19:13","modified_gmt":"2023-07-17T15:19:13","slug":"plenario-do-cra-rn-empossa-nova-diretora-de-formacao-profissional","status":"publish","type":"post","link":"https:\/\/crarn.org.br\/?p=66099","title":{"rendered":"Plen\u00e1rio do CRA-RN empossa nova diretora de Forma\u00e7\u00e3o Profissional"},"content":{"rendered":"\n<p>Na manh\u00e3 desta segunda-feira (17\/07), O CRA-RN reuniu conselheiros efetivos e suplentes para a realiza\u00e7\u00e3o da plen\u00e1ria do m\u00eas de julho.<\/p>\n<p>O presidente, Adm. Fl\u00e1vio Em\u00edlio, abriu a reuni\u00e3o que discutiu v\u00e1rios assuntos administrativos e de interesse dos profissionais registrados, tendo como destaque a aprova\u00e7\u00e3o pelo plen\u00e1rio do nome da Adm. Maria Val\u00e9ria Pereira de Ara\u00fajo para o cargo de diretora de Forma\u00e7\u00e3o Profissional, devido ao afastamento da Adm. Isabella Mendon\u00e7a, por motivos pessoais.<\/p>\n<p>Entre os principais assuntos discutidos est\u00e3o a dinamiza\u00e7\u00e3o das representa\u00e7\u00f5es no interior; CRA Jovem; execu\u00e7\u00e3o dos projetos inclu\u00eddos no Proder; constitui\u00e7\u00e3o da Comiss\u00e3o de Media\u00e7\u00e3o e Arbitragem; dados informativos da Fiscaliza\u00e7\u00e3o; CONGESP; protesto PJ; anu\u00eancia do RT na renova\u00e7\u00e3o das certid\u00f5es, al\u00e9m das informa\u00e7\u00f5es da diretoria Administrativa e Financeira como, aprova\u00e7\u00e3o de balancetes, d\u00edvida ativa, posi\u00e7\u00e3o PF e PJ, receita e despesa etc.<\/p>\n<p>Al\u00e9m do presidente, participaram da plen\u00e1ria, o vice-presidente, Adm. Claudio Bessa de Menezes; a diretora de Fiscaliza\u00e7\u00e3o e Registro, Adm. Kate Maciel; diretora Administrativa Financeira, Adm. C\u00e9lia Ribeiro e os conselheiros efetivos Adm. Diego Dantas, Adm. Rodrigo Fortunato; Adm. Alysson Souza, Adm. Isabella Mendon\u00e7a, Adm. Val\u00e9ria Ara\u00fajo e o suplente, Adm. Leonardo da Costa Lima.<\/p>\n<p>\u00a0<\/p>\n<button class=\"simplefavorite-button\" data-postid=\"66099\" data-siteid=\"1\" data-groupid=\"1\" data-favoritecount=\"0\" style=\"\">Favorite <i class=\"sf-icon-star-empty\"><\/i><\/button>","protected":false},"excerpt":{"rendered":"<p>Na manh\u00e3 desta segunda-feira (17\/07), O CRA-RN reuniu conselheiros efetivos e suplentes para a realiza\u00e7\u00e3o da plen\u00e1ria do m\u00eas de julho. O presidente, Adm. Fl\u00e1vio Em\u00edlio, abriu a reuni\u00e3o que discutiu v\u00e1rios assuntos administrativos e de interesse dos profissionais registrados, tendo como destaque a aprova\u00e7\u00e3o pelo plen\u00e1rio do nome da Adm. Maria Val\u00e9ria Pereira de<a class=\"read-more\" href=\"https:\/\/crarn.org.br\/?p=66099\"> [&hellip;]<\/a><\/p>\n","protected":false},"author":26,"featured_media":66100,"comment_status":"closed","ping_status":"open","sticky":true,"template":"","format":"standard","meta":{"_price":"","_stock":"","_tribe_ticket_header":"","_tribe_default_ticket_provider":"","_tribe_ticket_capacity":"0","_ticket_start_date":"","_ticket_end_date":"","_tribe_ticket_show_description":"","_tribe_ticket_show_not_going":false,"_tribe_ticket_use_global_stock":"","_tribe_ticket_global_stock_level":"","_global_stock_mode":"","_global_stock_cap":"","_tribe_rsvp_for_event":"","_tribe_ticket_going_count":"","_tribe_ticket_not_going_count":"","_tribe_tickets_list":"[]","_tribe_ticket_has_attendee_info_fields":false,"footnotes":"","_links_to":"","_links_to_target":""},"categories":[549,310,320,399,309],"tags":[],"class_list":["post-66099","post","type-post","status-publish","format-standard","has-post-thumbnail","hentry","category-ano-2023","category-destaque-grande","category-home","category-institucional","category-ultimas-noticias","entry","has-media"],"_links":{"self":[{"href":"https:\/\/crarn.org.br\/index.php?rest_route=\/wp\/v2\/posts\/66099","targetHints":{"allow":["GET"]}}],"collection":[{"href":"https:\/\/crarn.org.br\/index.php?rest_route=\/wp\/v2\/posts"}],"about":[{"href":"https:\/\/crarn.org.br\/index.php?rest_route=\/wp\/v2\/types\/post"}],"author":[{"embeddable":true,"href":"https:\/\/crarn.org.br\/index.php?rest_route=\/wp\/v2\/users\/26"}],"replies":[{"embeddable":true,"href":"https:\/\/crarn.org.br\/index.php?rest_route=%2Fwp%2Fv2%2Fcomments&post=66099"}],"version-history":[{"count":1,"href":"https:\/\/crarn.org.br\/index.php?rest_route=\/wp\/v2\/posts\/66099\/revisions"}],"predecessor-version":[{"id":66101,"href":"https:\/\/crarn.org.br\/index.php?rest_route=\/wp\/v2\/posts\/66099\/revisions\/66101"}],"wp:featuredmedia":[{"embeddable":true,"href":"https:\/\/crarn.org.br\/index.php?rest_route=\/wp\/v2\/media\/66100"}],"wp:attachment":[{"href":"https:\/\/crarn.org.br\/index.php?rest_route=%2Fwp%2Fv2%2Fmedia&parent=66099"}],"wp:term":[{"taxonomy":"category","embeddable":true,"href":"https:\/\/crarn.org.br\/index.php?rest_route=%2Fwp%2Fv2%2Fcategories&post=66099"},{"taxonomy":"post_tag","embeddable":true,"href":"https:\/\/crarn.org.br\/index.php?rest_route=%2Fwp%2Fv2%2Ftags&post=66099"}],"curies":[{"name":"wp","href":"https:\/\/api.w.org\/{rel}","templated":true}]}}