{"id":66086,"date":"2023-07-06T14:12:23","date_gmt":"2023-07-06T17:12:23","guid":{"rendered":"https:\/\/crarn.org.br\/?p=66086"},"modified":"2023-07-06T14:12:25","modified_gmt":"2023-07-06T17:12:25","slug":"cra-rn-recebe-prefeito-de-carnauba-dos-dantas-2","status":"publish","type":"post","link":"https:\/\/crarn.org.br\/?p=66086","title":{"rendered":"CRA-RN recebe prefeito de Carna\u00faba dos Dantas"},"content":{"rendered":"\n<p>O prefeito do munic\u00edpio de Carna\u00faba dos Dantas, Adm. Gilson Dantas, esteve na sede do CRA-RN nesta quarta-feira (05\/07), quando foi recebido pela diretora de Fiscaliza\u00e7\u00e3o e Registro, Adm. Kate Maciel e pela coordenadora de Fiscaliza\u00e7\u00e3o, Adm. Tatiana Costa Pinto.<\/p>\n<p>Tendo em vista a aprova\u00e7\u00e3o, pela C\u00e2mara Municipal, da cria\u00e7\u00e3o do cargo de Administrador como parte do quadro efetivo do munic\u00edpio e a perspectiva de realiza\u00e7\u00e3o de um concurso p\u00fablico contemplando este cargo, o prefeito veio em busca de orienta\u00e7\u00f5es e informa\u00e7\u00f5es que possam subsidiar a elabora\u00e7\u00e3o do edital para a sele\u00e7\u00e3o.<\/p>\n<p>O prefeito Gilson \u00e9 administrador registrado no CRA-RN e esta visita \u00e9 consequ\u00eancia do trabalho de orienta\u00e7\u00e3o e sensibiliza\u00e7\u00e3o que vem sendo desenvolvido pelo regional junto \u00e0s prefeituras.<\/p>\n<p>A diretora, Adm. Kate Maciel, considera muito gratificante ver o retorno do trabalho do Conselho e que ele seja visto como parceiro e \u00f3rg\u00e3o orientador, pelos gestores municipais. \u201cO CRA-RN se sente honrado em ter mais um munic\u00edpio interessado em inserir o profissional de Administra\u00e7\u00e3o em seu quadro efetivo. Estamos \u00e0 disposi\u00e7\u00e3o de todos os gestores que precisem da nossa orienta\u00e7\u00e3o\u201d, declarou.<\/p>\n<button class=\"simplefavorite-button\" data-postid=\"66086\" data-siteid=\"1\" data-groupid=\"1\" data-favoritecount=\"0\" style=\"\">Favorite <i class=\"sf-icon-star-empty\"><\/i><\/button>","protected":false},"excerpt":{"rendered":"<p>O prefeito do munic\u00edpio de Carna\u00faba dos Dantas, Adm. Gilson Dantas, esteve na sede do CRA-RN nesta quarta-feira (05\/07), quando foi recebido pela diretora de Fiscaliza\u00e7\u00e3o e Registro, Adm. Kate Maciel e pela coordenadora de Fiscaliza\u00e7\u00e3o, Adm. Tatiana Costa Pinto. Tendo em vista a aprova\u00e7\u00e3o, pela C\u00e2mara Municipal, da cria\u00e7\u00e3o do cargo de Administrador como<a class=\"read-more\" href=\"https:\/\/crarn.org.br\/?p=66086\"> [&hellip;]<\/a><\/p>\n","protected":false},"author":26,"featured_media":66087,"comment_status":"closed","ping_status":"open","sticky":true,"template":"","format":"standard","meta":{"_price":"","_stock":"","_tribe_ticket_header":"","_tribe_default_ticket_provider":"","_tribe_ticket_capacity":"0","_ticket_start_date":"","_ticket_end_date":"","_tribe_ticket_show_description":"","_tribe_ticket_show_not_going":false,"_tribe_ticket_use_global_stock":"","_tribe_ticket_global_stock_level":"","_global_stock_mode":"","_global_stock_cap":"","_tribe_rsvp_for_event":"","_tribe_ticket_going_count":"","_tribe_ticket_not_going_count":"","_tribe_tickets_list":"[]","_tribe_ticket_has_attendee_info_fields":false,"footnotes":"","_links_to":"","_links_to_target":""},"categories":[549,310,320,399,309],"tags":[],"class_list":["post-66086","post","type-post","status-publish","format-standard","has-post-thumbnail","hentry","category-ano-2023","category-destaque-grande","category-home","category-institucional","category-ultimas-noticias","entry","has-media"],"_links":{"self":[{"href":"https:\/\/crarn.org.br\/index.php?rest_route=\/wp\/v2\/posts\/66086","targetHints":{"allow":["GET"]}}],"collection":[{"href":"https:\/\/crarn.org.br\/index.php?rest_route=\/wp\/v2\/posts"}],"about":[{"href":"https:\/\/crarn.org.br\/index.php?rest_route=\/wp\/v2\/types\/post"}],"author":[{"embeddable":true,"href":"https:\/\/crarn.org.br\/index.php?rest_route=\/wp\/v2\/users\/26"}],"replies":[{"embeddable":true,"href":"https:\/\/crarn.org.br\/index.php?rest_route=%2Fwp%2Fv2%2Fcomments&post=66086"}],"version-history":[{"count":2,"href":"https:\/\/crarn.org.br\/index.php?rest_route=\/wp\/v2\/posts\/66086\/revisions"}],"predecessor-version":[{"id":66089,"href":"https:\/\/crarn.org.br\/index.php?rest_route=\/wp\/v2\/posts\/66086\/revisions\/66089"}],"wp:featuredmedia":[{"embeddable":true,"href":"https:\/\/crarn.org.br\/index.php?rest_route=\/wp\/v2\/media\/66087"}],"wp:attachment":[{"href":"https:\/\/crarn.org.br\/index.php?rest_route=%2Fwp%2Fv2%2Fmedia&parent=66086"}],"wp:term":[{"taxonomy":"category","embeddable":true,"href":"https:\/\/crarn.org.br\/index.php?rest_route=%2Fwp%2Fv2%2Fcategories&post=66086"},{"taxonomy":"post_tag","embeddable":true,"href":"https:\/\/crarn.org.br\/index.php?rest_route=%2Fwp%2Fv2%2Ftags&post=66086"}],"curies":[{"name":"wp","href":"https:\/\/api.w.org\/{rel}","templated":true}]}}