{"id":66081,"date":"2023-07-04T15:37:30","date_gmt":"2023-07-04T18:37:30","guid":{"rendered":"https:\/\/crarn.org.br\/?p=66081"},"modified":"2023-07-04T16:18:06","modified_gmt":"2023-07-04T19:18:06","slug":"administrador-daniel-fonseca-coordena-o-cra-jovem","status":"publish","type":"post","link":"https:\/\/crarn.org.br\/?p=66081","title":{"rendered":"Administrador Daniel Fonseca coordena o CRA Jovem"},"content":{"rendered":"\n<p>O administrador e conselheiro suplente do CRA-RN, Daniel Fonseca, foi designado, recentemente, para coordenar a comiss\u00e3o do CRA Jovem local, servindo de elo entre estudantes e o Conselho, podendo assim expandir ainda mais a rela\u00e7\u00e3o entre o regional e os futuros profissionais. A comiss\u00e3o ainda tem como membros, a conselheira suplente, Adm. Gabriela Saldanha e a servidora do CRA-RN, Suerda Maciel.<\/p>\n\n\n\n<p>O CRA Jovem \u00e9 um projeto que abre as portas dos CRAs para os estudantes de administra\u00e7\u00e3o, proporcionando a eles a oportunidade de acompanhar as a\u00e7\u00f5es do regional e contribuir com o fortalecimento e defesa da profiss\u00e3o.<\/p>\n\n\n\n<p>Daniel \u00e9 Mestre em Gest\u00e3o e Inova\u00e7\u00e3o em Sa\u00fade (UFRN) com forma\u00e7\u00e3o em Administra\u00e7\u00e3o e Gest\u00e3o P\u00fablica. Tem MBA em Gest\u00e3o Estrat\u00e9gica de Pessoas e Especializa\u00e7\u00e3o em Lideran\u00e7a e Coaching. Atua na Administra\u00e7\u00e3o P\u00fablica desde 2010 e atualmente est\u00e1 na Empresa Brasileira de Servi\u00e7os Hospitalares (EBSERH), no Hospital Universit\u00e1rio Onofre Lopes (HUOL), onde ocupa o cargo de Chefe da Unidade de Planejamento, Gest\u00e3o de Riscos e Controles Internos (UPLAG).<\/p>\n\n\n\n<p>Ele considera muito importante a proposta da comiss\u00e3o do CRA Jovem e v\u00ea com otimismo a sua participa\u00e7\u00e3o como coordenador, j\u00e1 que o contato do estudante de administra\u00e7\u00e3o com o CRA proporciona uma s\u00e9rie de benef\u00edcios tanto para ele, quanto para o pr\u00f3prio Conselho. \u201cAo estabelecer esse contato, o aluno tem a oportunidade de se familiarizar com a institui\u00e7\u00e3o que representa os profissionais de administra\u00e7\u00e3o, al\u00e9m de poder se conectar com outros profissionais e estudantes da \u00e1rea. Essa intera\u00e7\u00e3o pode contribuir para o seu desenvolvimento pessoal e profissional, proporcionando um networking valioso e abrindo portas para futuras oportunidades de emprego ou parcerias\u201d, destacou.<\/p>\n\n\n\n<p>Daniel lembra ainda que, ao participar das atividades promovidas pelo CRA, o estudante tem acesso a conhecimentos atualizados e relevantes sobre a \u00e1rea. \u201cEssas oportunidades de aprendizado complementam a forma\u00e7\u00e3o acad\u00eamica e permitem que ele se mantenha atualizado sobre as tend\u00eancias e pr\u00e1ticas mais recentes no campo da administra\u00e7\u00e3o. Ao se envolver nas atividades do Conselho, o estudante demonstra seu comprometimento com a profiss\u00e3o e seu interesse em contribuir para o desenvolvimento da \u00e1rea, o que pode abrir portas para futuras oportunidades de est\u00e1gio, trabalho ou mesmo concorrer a concursos promovidos pelo Sistema CFA\/CRAs\u201d, concluiu.<\/p>\n<button class=\"simplefavorite-button\" data-postid=\"66081\" data-siteid=\"1\" data-groupid=\"1\" data-favoritecount=\"0\" style=\"\">Favorite <i class=\"sf-icon-star-empty\"><\/i><\/button>","protected":false},"excerpt":{"rendered":"<p>O administrador e conselheiro suplente do CRA-RN, Daniel Fonseca, foi designado, recentemente, para coordenar a comiss\u00e3o do CRA Jovem local, servindo de elo entre estudantes e o Conselho, podendo assim expandir ainda mais a rela\u00e7\u00e3o entre o regional e os futuros profissionais. A comiss\u00e3o ainda tem como membros, a conselheira suplente, Adm. Gabriela Saldanha e<a class=\"read-more\" href=\"https:\/\/crarn.org.br\/?p=66081\"> [&hellip;]<\/a><\/p>\n","protected":false},"author":26,"featured_media":66082,"comment_status":"closed","ping_status":"open","sticky":true,"template":"","format":"standard","meta":{"_price":"","_stock":"","_tribe_ticket_header":"","_tribe_default_ticket_provider":"","_tribe_ticket_capacity":"0","_ticket_start_date":"","_ticket_end_date":"","_tribe_ticket_show_description":"","_tribe_ticket_show_not_going":false,"_tribe_ticket_use_global_stock":"","_tribe_ticket_global_stock_level":"","_global_stock_mode":"","_global_stock_cap":"","_tribe_rsvp_for_event":"","_tribe_ticket_going_count":"","_tribe_ticket_not_going_count":"","_tribe_tickets_list":"[]","_tribe_ticket_has_attendee_info_fields":false,"footnotes":"","_links_to":"","_links_to_target":""},"categories":[549,312,320,309],"tags":[],"class_list":["post-66081","post","type-post","status-publish","format-standard","has-post-thumbnail","hentry","category-ano-2023","category-destaque-pequeno-inferior","category-home","category-ultimas-noticias","entry","has-media"],"_links":{"self":[{"href":"https:\/\/crarn.org.br\/index.php?rest_route=\/wp\/v2\/posts\/66081","targetHints":{"allow":["GET"]}}],"collection":[{"href":"https:\/\/crarn.org.br\/index.php?rest_route=\/wp\/v2\/posts"}],"about":[{"href":"https:\/\/crarn.org.br\/index.php?rest_route=\/wp\/v2\/types\/post"}],"author":[{"embeddable":true,"href":"https:\/\/crarn.org.br\/index.php?rest_route=\/wp\/v2\/users\/26"}],"replies":[{"embeddable":true,"href":"https:\/\/crarn.org.br\/index.php?rest_route=%2Fwp%2Fv2%2Fcomments&post=66081"}],"version-history":[{"count":3,"href":"https:\/\/crarn.org.br\/index.php?rest_route=\/wp\/v2\/posts\/66081\/revisions"}],"predecessor-version":[{"id":66085,"href":"https:\/\/crarn.org.br\/index.php?rest_route=\/wp\/v2\/posts\/66081\/revisions\/66085"}],"wp:featuredmedia":[{"embeddable":true,"href":"https:\/\/crarn.org.br\/index.php?rest_route=\/wp\/v2\/media\/66082"}],"wp:attachment":[{"href":"https:\/\/crarn.org.br\/index.php?rest_route=%2Fwp%2Fv2%2Fmedia&parent=66081"}],"wp:term":[{"taxonomy":"category","embeddable":true,"href":"https:\/\/crarn.org.br\/index.php?rest_route=%2Fwp%2Fv2%2Fcategories&post=66081"},{"taxonomy":"post_tag","embeddable":true,"href":"https:\/\/crarn.org.br\/index.php?rest_route=%2Fwp%2Fv2%2Ftags&post=66081"}],"curies":[{"name":"wp","href":"https:\/\/api.w.org\/{rel}","templated":true}]}}