{"id":66072,"date":"2023-06-30T14:42:28","date_gmt":"2023-06-30T17:42:28","guid":{"rendered":"https:\/\/crarn.org.br\/?p=66072"},"modified":"2023-06-30T14:42:30","modified_gmt":"2023-06-30T17:42:30","slug":"presidente-do-cra-rn-cumpre-agenda-em-mossoro","status":"publish","type":"post","link":"https:\/\/crarn.org.br\/?p=66072","title":{"rendered":"Presidente do CRA-RN cumpre agenda em Mossor\u00f3"},"content":{"rendered":"\n<p>O presidente do CRA-RN, Adm. Fl\u00e1vio Em\u00edlio Cavalcanti, esteve em Mossor\u00f3, nesta quinta-feira (29\/06), onde teve uma agenda com v\u00e1rios compromissos.<\/p>\n<p>Na cidade, ministrou a Aula Magna da UFERSA, com o tema &#8220;O Mundo Mudou. E Voc\u00ea?&#8221;. O evento contou com a presen\u00e7a da Reitora Ludmila Oliveira, Pr\u00f3 Reitores, entre eles, o ex conselheiro do regional, Adm. J\u00falio C\u00e9sar Sousa, professores e alunos dos diversos cursos da institui\u00e7\u00e3o.<\/p>\n<p>Em seguida, Fl\u00e1vio deu posse \u00e0 Representante da Subseccional de Mossor\u00f3 e Regi\u00e3o Oeste do CRA-RN, a Adm L\u00edgia Rebou\u00e7as.<\/p>\n<p>Durante a estadia na cidade, o presidente fez, tamb\u00e9m uma visita \u00e0 Empresa Jr de Adm da UFERSA, quando conheceu a \u201c4 Elementos\u201d, um projeto de extens\u00e3o que oferece oportunidade para os estudantes de Administra\u00e7\u00e3o realizarem projetos de consultoria para empresas de Mossor\u00f3 e Regi\u00e3o, agregando qualidade e experi\u00eancia pr\u00e1tica \u00e0 sua forma\u00e7\u00e3o.<\/p>\n<p>Flavio relata que voltar \u00e0 Mossor\u00f3 \u00e9 sempre uma satisfa\u00e7\u00e3o. \u201cNossa gest\u00e3o entende que a interioriza\u00e7\u00e3o sempre nos fortalece e todas as regi\u00f5es do RN s\u00e3o importantes para o cumprimento do nosso prop\u00f3sito de defesa do exerc\u00edcio legal da profiss\u00e3o. E estamos felizes em continuar a ter uma lideran\u00e7a feminina em Mossor\u00f3 com a nomea\u00e7\u00e3o da Adm. L\u00edgia Rebou\u00e7as que sucede a Adm. M\u00e9rcia Barreto \u00e0 frente da Subseccional do Oeste&#8221;, afirmou.<\/p>\n<p>\u00a0<\/p>\n<button class=\"simplefavorite-button\" data-postid=\"66072\" data-siteid=\"1\" data-groupid=\"1\" data-favoritecount=\"0\" style=\"\">Favorite <i class=\"sf-icon-star-empty\"><\/i><\/button>","protected":false},"excerpt":{"rendered":"<p>O presidente do CRA-RN, Adm. Fl\u00e1vio Em\u00edlio Cavalcanti, esteve em Mossor\u00f3, nesta quinta-feira (29\/06), onde teve uma agenda com v\u00e1rios compromissos. Na cidade, ministrou a Aula Magna da UFERSA, com o tema &#8220;O Mundo Mudou. E Voc\u00ea?&#8221;. O evento contou com a presen\u00e7a da Reitora Ludmila Oliveira, Pr\u00f3 Reitores, entre eles, o ex conselheiro do<a class=\"read-more\" href=\"https:\/\/crarn.org.br\/?p=66072\"> [&hellip;]<\/a><\/p>\n","protected":false},"author":26,"featured_media":66073,"comment_status":"closed","ping_status":"open","sticky":true,"template":"","format":"standard","meta":{"_price":"","_stock":"","_tribe_ticket_header":"","_tribe_default_ticket_provider":"","_tribe_ticket_capacity":"0","_ticket_start_date":"","_ticket_end_date":"","_tribe_ticket_show_description":"","_tribe_ticket_show_not_going":false,"_tribe_ticket_use_global_stock":"","_tribe_ticket_global_stock_level":"","_global_stock_mode":"","_global_stock_cap":"","_tribe_rsvp_for_event":"","_tribe_ticket_going_count":"","_tribe_ticket_not_going_count":"","_tribe_tickets_list":"[]","_tribe_ticket_has_attendee_info_fields":false,"footnotes":"","_links_to":"","_links_to_target":""},"categories":[549,310,320,309],"tags":[],"class_list":["post-66072","post","type-post","status-publish","format-standard","has-post-thumbnail","hentry","category-ano-2023","category-destaque-grande","category-home","category-ultimas-noticias","entry","has-media"],"_links":{"self":[{"href":"https:\/\/crarn.org.br\/index.php?rest_route=\/wp\/v2\/posts\/66072","targetHints":{"allow":["GET"]}}],"collection":[{"href":"https:\/\/crarn.org.br\/index.php?rest_route=\/wp\/v2\/posts"}],"about":[{"href":"https:\/\/crarn.org.br\/index.php?rest_route=\/wp\/v2\/types\/post"}],"author":[{"embeddable":true,"href":"https:\/\/crarn.org.br\/index.php?rest_route=\/wp\/v2\/users\/26"}],"replies":[{"embeddable":true,"href":"https:\/\/crarn.org.br\/index.php?rest_route=%2Fwp%2Fv2%2Fcomments&post=66072"}],"version-history":[{"count":2,"href":"https:\/\/crarn.org.br\/index.php?rest_route=\/wp\/v2\/posts\/66072\/revisions"}],"predecessor-version":[{"id":66075,"href":"https:\/\/crarn.org.br\/index.php?rest_route=\/wp\/v2\/posts\/66072\/revisions\/66075"}],"wp:featuredmedia":[{"embeddable":true,"href":"https:\/\/crarn.org.br\/index.php?rest_route=\/wp\/v2\/media\/66073"}],"wp:attachment":[{"href":"https:\/\/crarn.org.br\/index.php?rest_route=%2Fwp%2Fv2%2Fmedia&parent=66072"}],"wp:term":[{"taxonomy":"category","embeddable":true,"href":"https:\/\/crarn.org.br\/index.php?rest_route=%2Fwp%2Fv2%2Fcategories&post=66072"},{"taxonomy":"post_tag","embeddable":true,"href":"https:\/\/crarn.org.br\/index.php?rest_route=%2Fwp%2Fv2%2Ftags&post=66072"}],"curies":[{"name":"wp","href":"https:\/\/api.w.org\/{rel}","templated":true}]}}