{"id":66064,"date":"2023-06-26T14:41:49","date_gmt":"2023-06-26T17:41:49","guid":{"rendered":"https:\/\/crarn.org.br\/?p=66064"},"modified":"2023-06-26T14:43:27","modified_gmt":"2023-06-26T17:43:27","slug":"subseccional-do-cra-rn-em-mossoro-tem-nova-delegada","status":"publish","type":"post","link":"https:\/\/crarn.org.br\/?p=66064","title":{"rendered":"Subseccional do CRA-RN em Mossor\u00f3 tem nova delegada"},"content":{"rendered":"\n<p>,A administradora e conselheira suplente do CRA-RN, L\u00edgia Soares Rebou\u00e7as, \u00e9 a nova delegada da subseccional de Mossor\u00f3.<\/p>\n<p>L\u00edgia \u00e9 graduada em Administra\u00e7\u00e3o, p\u00f3s-graduada em Gest\u00e3o de Neg\u00f3cios, Controladoria e Finan\u00e7as Corporativa e graduanda em Direito. Atualmente, atua como gestora em contratos e licita\u00e7\u00f5es na empresa Servi\u00e7os de Assist\u00eancia e Ambulatorial S\/A.<\/p>\n<p>Para a nova delegada foi com alegria e satisfa\u00e7\u00e3o que aceitou o desafio de representar a Subseccional de Mossor\u00f3, sabendo da import\u00e2ncia da profiss\u00e3o de administrador como elemento meio para o sucesso das organiza\u00e7\u00f5es. \u201cO Conselho de Administra\u00e7\u00e3o tem feito um trabalho de relev\u00e2ncia em nosso estado e, para al\u00e9m de um espa\u00e7o f\u00edsico, tem me proporcionado muito crescimento ao longo dos meus onze anos de forma\u00e7\u00e3o. Cresci muito como profissional e como pessoa principalmente. Dessa forma, pretendo contribuir para a expans\u00e3o participativa do nosso conselho, que tanto tem acrescentado \u00e0s carreiras dos profissionais de administra\u00e7\u00e3o\u201d, declarou.<\/p>\n<p>A posse ser\u00e1 realizada no pr\u00f3ximo dia 29 de junho.<\/p>\n<button class=\"simplefavorite-button\" data-postid=\"66064\" data-siteid=\"1\" data-groupid=\"1\" data-favoritecount=\"0\" style=\"\">Favorite <i class=\"sf-icon-star-empty\"><\/i><\/button>","protected":false},"excerpt":{"rendered":"<p>,A administradora e conselheira suplente do CRA-RN, L\u00edgia Soares Rebou\u00e7as, \u00e9 a nova delegada da subseccional de Mossor\u00f3. L\u00edgia \u00e9 graduada em Administra\u00e7\u00e3o, p\u00f3s-graduada em Gest\u00e3o de Neg\u00f3cios, Controladoria e Finan\u00e7as Corporativa e graduanda em Direito. Atualmente, atua como gestora em contratos e licita\u00e7\u00f5es na empresa Servi\u00e7os de Assist\u00eancia e Ambulatorial S\/A. Para a nova<a class=\"read-more\" href=\"https:\/\/crarn.org.br\/?p=66064\"> [&hellip;]<\/a><\/p>\n","protected":false},"author":26,"featured_media":66065,"comment_status":"closed","ping_status":"open","sticky":true,"template":"","format":"standard","meta":{"_price":"","_stock":"","_tribe_ticket_header":"","_tribe_default_ticket_provider":"","_tribe_ticket_capacity":"0","_ticket_start_date":"","_ticket_end_date":"","_tribe_ticket_show_description":"","_tribe_ticket_show_not_going":false,"_tribe_ticket_use_global_stock":"","_tribe_ticket_global_stock_level":"","_global_stock_mode":"","_global_stock_cap":"","_tribe_rsvp_for_event":"","_tribe_ticket_going_count":"","_tribe_ticket_not_going_count":"","_tribe_tickets_list":"[]","_tribe_ticket_has_attendee_info_fields":false,"footnotes":"","_links_to":"","_links_to_target":""},"categories":[549,312,320,399,309],"tags":[],"class_list":["post-66064","post","type-post","status-publish","format-standard","has-post-thumbnail","hentry","category-ano-2023","category-destaque-pequeno-inferior","category-home","category-institucional","category-ultimas-noticias","entry","has-media"],"_links":{"self":[{"href":"https:\/\/crarn.org.br\/index.php?rest_route=\/wp\/v2\/posts\/66064","targetHints":{"allow":["GET"]}}],"collection":[{"href":"https:\/\/crarn.org.br\/index.php?rest_route=\/wp\/v2\/posts"}],"about":[{"href":"https:\/\/crarn.org.br\/index.php?rest_route=\/wp\/v2\/types\/post"}],"author":[{"embeddable":true,"href":"https:\/\/crarn.org.br\/index.php?rest_route=\/wp\/v2\/users\/26"}],"replies":[{"embeddable":true,"href":"https:\/\/crarn.org.br\/index.php?rest_route=%2Fwp%2Fv2%2Fcomments&post=66064"}],"version-history":[{"count":2,"href":"https:\/\/crarn.org.br\/index.php?rest_route=\/wp\/v2\/posts\/66064\/revisions"}],"predecessor-version":[{"id":66067,"href":"https:\/\/crarn.org.br\/index.php?rest_route=\/wp\/v2\/posts\/66064\/revisions\/66067"}],"wp:featuredmedia":[{"embeddable":true,"href":"https:\/\/crarn.org.br\/index.php?rest_route=\/wp\/v2\/media\/66065"}],"wp:attachment":[{"href":"https:\/\/crarn.org.br\/index.php?rest_route=%2Fwp%2Fv2%2Fmedia&parent=66064"}],"wp:term":[{"taxonomy":"category","embeddable":true,"href":"https:\/\/crarn.org.br\/index.php?rest_route=%2Fwp%2Fv2%2Fcategories&post=66064"},{"taxonomy":"post_tag","embeddable":true,"href":"https:\/\/crarn.org.br\/index.php?rest_route=%2Fwp%2Fv2%2Ftags&post=66064"}],"curies":[{"name":"wp","href":"https:\/\/api.w.org\/{rel}","templated":true}]}}