{"id":66059,"date":"2023-06-23T16:45:47","date_gmt":"2023-06-23T19:45:47","guid":{"rendered":"https:\/\/crarn.org.br\/?p=66059"},"modified":"2023-06-23T17:09:51","modified_gmt":"2023-06-23T20:09:51","slug":"alunos-de-administracao-da-ufrn-conhecem-o-cra-rn","status":"publish","type":"post","link":"https:\/\/crarn.org.br\/?p=66059","title":{"rendered":"Alunos de Administra\u00e7\u00e3o da UFRN conhecem o CRA-RN"},"content":{"rendered":"\n<p>Na manh\u00e3 desta sexta-feira (23\/06), alunos do 4\u00ba per\u00edodo do curso de Administra\u00e7\u00e3o da UFRN realizaram uma visita t\u00e9cnica ao CRA-RN.<\/p>\n<p>A visita da turma, que cursa a disciplina de Gest\u00e3o de Organiza\u00e7\u00f5es de Sociedade Civil com o professor Washington Jose de Sousa e foi intermediada pela professora e conselheira do CRA-RN, Adm. Val\u00e9ria Pereira, teve o objetivo de conhecer o regional, o trabalho que vem sendo desenvolvido e o impacto que ele promove na sociedade.<\/p>\n<p>Os alunos foram recebidos pela coordenadora de Fiscaliza\u00e7\u00e3o, Adm. Tatiana Costa Pinto, que explicou o que \u00e9 o Conselho; a atividade fim de registro e fiscaliza\u00e7\u00e3o do exerc\u00edcio profissional, e de que forma as a\u00e7\u00f5es desenvolvidas impactam na sociedade, em especial, nas organiza\u00e7\u00f5es p\u00fablicas e privadas.<\/p>\n<p>O CRA-RN apoia e incentiva este tipo de intera\u00e7\u00e3o com as Institui\u00e7\u00f5es de Ensino Superior e seus alunos.<\/p>\n<p>adora de Fiscaliza\u00e7\u00e3o, Adm. Tatiana Costa Pinto, que explicou o que \u00e9 o Conselho; a atividade fim de registro e fiscaliza\u00e7\u00e3o do exerc\u00edcio profissional, e de que forma as a\u00e7\u00f5es desenvolvidas impactam na sociedade, em especial, nas organiza\u00e7\u00f5es p\u00fablicas e privadas.<\/p>\n<p>O CRA-RN apoia e incentiva este tipo de intera\u00e7\u00e3o com as Institui\u00e7\u00f5es de Ensino Superior e seus alunos.<\/p>\n<button class=\"simplefavorite-button\" data-postid=\"66059\" data-siteid=\"1\" data-groupid=\"1\" data-favoritecount=\"0\" style=\"\">Favorite <i class=\"sf-icon-star-empty\"><\/i><\/button>","protected":false},"excerpt":{"rendered":"<p>Na manh\u00e3 desta sexta-feira (23\/06), alunos do 4\u00ba per\u00edodo do curso de Administra\u00e7\u00e3o da UFRN realizaram uma visita t\u00e9cnica ao CRA-RN. A visita da turma, que cursa a disciplina de Gest\u00e3o de Organiza\u00e7\u00f5es de Sociedade Civil com o professor Washington Jose de Sousa e foi intermediada pela professora e conselheira do CRA-RN, Adm. Val\u00e9ria Pereira,<a class=\"read-more\" href=\"https:\/\/crarn.org.br\/?p=66059\"> [&hellip;]<\/a><\/p>\n","protected":false},"author":26,"featured_media":66060,"comment_status":"closed","ping_status":"open","sticky":true,"template":"","format":"standard","meta":{"_price":"","_stock":"","_tribe_ticket_header":"","_tribe_default_ticket_provider":"","_tribe_ticket_capacity":"0","_ticket_start_date":"","_ticket_end_date":"","_tribe_ticket_show_description":"","_tribe_ticket_show_not_going":false,"_tribe_ticket_use_global_stock":"","_tribe_ticket_global_stock_level":"","_global_stock_mode":"","_global_stock_cap":"","_tribe_rsvp_for_event":"","_tribe_ticket_going_count":"","_tribe_ticket_not_going_count":"","_tribe_tickets_list":"[]","_tribe_ticket_has_attendee_info_fields":false,"footnotes":"","_links_to":"","_links_to_target":""},"categories":[549,312,320,399,309],"tags":[],"class_list":["post-66059","post","type-post","status-publish","format-standard","has-post-thumbnail","hentry","category-ano-2023","category-destaque-pequeno-inferior","category-home","category-institucional","category-ultimas-noticias","entry","has-media"],"_links":{"self":[{"href":"https:\/\/crarn.org.br\/index.php?rest_route=\/wp\/v2\/posts\/66059","targetHints":{"allow":["GET"]}}],"collection":[{"href":"https:\/\/crarn.org.br\/index.php?rest_route=\/wp\/v2\/posts"}],"about":[{"href":"https:\/\/crarn.org.br\/index.php?rest_route=\/wp\/v2\/types\/post"}],"author":[{"embeddable":true,"href":"https:\/\/crarn.org.br\/index.php?rest_route=\/wp\/v2\/users\/26"}],"replies":[{"embeddable":true,"href":"https:\/\/crarn.org.br\/index.php?rest_route=%2Fwp%2Fv2%2Fcomments&post=66059"}],"version-history":[{"count":2,"href":"https:\/\/crarn.org.br\/index.php?rest_route=\/wp\/v2\/posts\/66059\/revisions"}],"predecessor-version":[{"id":66062,"href":"https:\/\/crarn.org.br\/index.php?rest_route=\/wp\/v2\/posts\/66059\/revisions\/66062"}],"wp:featuredmedia":[{"embeddable":true,"href":"https:\/\/crarn.org.br\/index.php?rest_route=\/wp\/v2\/media\/66060"}],"wp:attachment":[{"href":"https:\/\/crarn.org.br\/index.php?rest_route=%2Fwp%2Fv2%2Fmedia&parent=66059"}],"wp:term":[{"taxonomy":"category","embeddable":true,"href":"https:\/\/crarn.org.br\/index.php?rest_route=%2Fwp%2Fv2%2Fcategories&post=66059"},{"taxonomy":"post_tag","embeddable":true,"href":"https:\/\/crarn.org.br\/index.php?rest_route=%2Fwp%2Fv2%2Ftags&post=66059"}],"curies":[{"name":"wp","href":"https:\/\/api.w.org\/{rel}","templated":true}]}}