{"id":66045,"date":"2023-06-21T14:41:11","date_gmt":"2023-06-21T17:41:11","guid":{"rendered":"https:\/\/crarn.org.br\/?p=66045"},"modified":"2023-06-22T15:54:57","modified_gmt":"2023-06-22T18:54:57","slug":"cra-rn-tem-varios-projetos-aprovados-no-proder","status":"publish","type":"post","link":"https:\/\/crarn.org.br\/?p=66045","title":{"rendered":"CRA-RN tem v\u00e1rios projetos aprovados no PRODER"},"content":{"rendered":"\n<p>O Conselho Federal de Administra\u00e7\u00e3o (CFA) realizou, na manh\u00e3 desta quarta-feira, 21, a 8\u00aa Sess\u00e3o Plen\u00e1ria Extraordin\u00e1ria. O evento aconteceu em Vit\u00f3ria-ES e reuniu conselheiros federais de todo o pa\u00eds para debater quest\u00f5es relacionadas \u00e0 profiss\u00e3o e ao Sistema CFA\/CRAs.<\/p>\n<p><br \/>Durante a plen\u00e1ria, al\u00e9m da apresenta\u00e7\u00e3o de propostas inovadoras para fortalecer a atua\u00e7\u00e3o dos profissionais de Administra\u00e7\u00e3o e garantir a excel\u00eancia em suas atividades, foram divulgados os projetos dos CRAs aprovados no Programa de Desenvolvimento dos Regionais (Proder).<\/p>\n<p><br \/>O CRA-RN teve v\u00e1rios projetos aprovados no PRODER, incluindo verbas para aquisi\u00e7\u00e3o de equipamentos para fiscaliza\u00e7\u00e3o; reforma da sede; aquisi\u00e7\u00e3o de mobili\u00e1rio; capacita\u00e7\u00e3o e treinamento e a instala\u00e7\u00e3o de placas solares, que diminuir\u00e3o os custos do regional.<\/p>\n<p><br \/>O presidente do CRA-RN, Adm. Fl\u00e1vio Em\u00edlio Cavalcanti, comemora a aprova\u00e7\u00e3o dos projetos. \u201cEstamos imensamente felizes com esse aporte financeiro, que vai contribuir para melhorar a operacionaliza\u00e7\u00e3o do trabalho do conselho\u201d, explicou.<\/p>\n<p><br \/>Ser\u00e3o mais de R$ 4 milh\u00f5es de recursos para financiar projetos de todos os CRAs, destinados a fortalecer a profiss\u00e3o nos estados.\u00a0 O Proder visa descentralizar as a\u00e7\u00f5es do Sistema CFA\/CRAs apoiando as decis\u00f5es e a\u00e7\u00f5es dos regionais, que efetivamente atendem e prestam os servi\u00e7os diretamente aos profissionais de Administra\u00e7\u00e3o.<\/p>\n<p>\u00a0<\/p>\n<p>*Com informa\u00e7\u00f5es da Assessoria de Comunica\u00e7\u00e3o CFA<\/p>\n<button class=\"simplefavorite-button\" data-postid=\"66045\" data-siteid=\"1\" data-groupid=\"1\" data-favoritecount=\"0\" style=\"\">Favorite <i class=\"sf-icon-star-empty\"><\/i><\/button>","protected":false},"excerpt":{"rendered":"<p>O Conselho Federal de Administra\u00e7\u00e3o (CFA) realizou, na manh\u00e3 desta quarta-feira, 21, a 8\u00aa Sess\u00e3o Plen\u00e1ria Extraordin\u00e1ria. O evento aconteceu em Vit\u00f3ria-ES e reuniu conselheiros federais de todo o pa\u00eds para debater quest\u00f5es relacionadas \u00e0 profiss\u00e3o e ao Sistema CFA\/CRAs. Durante a plen\u00e1ria, al\u00e9m da apresenta\u00e7\u00e3o de propostas inovadoras para fortalecer a atua\u00e7\u00e3o dos profissionais<a class=\"read-more\" href=\"https:\/\/crarn.org.br\/?p=66045\"> [&hellip;]<\/a><\/p>\n","protected":false},"author":26,"featured_media":66046,"comment_status":"closed","ping_status":"open","sticky":true,"template":"","format":"standard","meta":{"_price":"","_stock":"","_tribe_ticket_header":"","_tribe_default_ticket_provider":"","_tribe_ticket_capacity":"0","_ticket_start_date":"","_ticket_end_date":"","_tribe_ticket_show_description":"","_tribe_ticket_show_not_going":false,"_tribe_ticket_use_global_stock":"","_tribe_ticket_global_stock_level":"","_global_stock_mode":"","_global_stock_cap":"","_tribe_rsvp_for_event":"","_tribe_ticket_going_count":"","_tribe_ticket_not_going_count":"","_tribe_tickets_list":"[]","_tribe_ticket_has_attendee_info_fields":false,"footnotes":"","_links_to":"","_links_to_target":""},"categories":[549,312,320,399,309],"tags":[],"class_list":["post-66045","post","type-post","status-publish","format-standard","has-post-thumbnail","hentry","category-ano-2023","category-destaque-pequeno-inferior","category-home","category-institucional","category-ultimas-noticias","entry","has-media"],"_links":{"self":[{"href":"https:\/\/crarn.org.br\/index.php?rest_route=\/wp\/v2\/posts\/66045","targetHints":{"allow":["GET"]}}],"collection":[{"href":"https:\/\/crarn.org.br\/index.php?rest_route=\/wp\/v2\/posts"}],"about":[{"href":"https:\/\/crarn.org.br\/index.php?rest_route=\/wp\/v2\/types\/post"}],"author":[{"embeddable":true,"href":"https:\/\/crarn.org.br\/index.php?rest_route=\/wp\/v2\/users\/26"}],"replies":[{"embeddable":true,"href":"https:\/\/crarn.org.br\/index.php?rest_route=%2Fwp%2Fv2%2Fcomments&post=66045"}],"version-history":[{"count":1,"href":"https:\/\/crarn.org.br\/index.php?rest_route=\/wp\/v2\/posts\/66045\/revisions"}],"predecessor-version":[{"id":66047,"href":"https:\/\/crarn.org.br\/index.php?rest_route=\/wp\/v2\/posts\/66045\/revisions\/66047"}],"wp:featuredmedia":[{"embeddable":true,"href":"https:\/\/crarn.org.br\/index.php?rest_route=\/wp\/v2\/media\/66046"}],"wp:attachment":[{"href":"https:\/\/crarn.org.br\/index.php?rest_route=%2Fwp%2Fv2%2Fmedia&parent=66045"}],"wp:term":[{"taxonomy":"category","embeddable":true,"href":"https:\/\/crarn.org.br\/index.php?rest_route=%2Fwp%2Fv2%2Fcategories&post=66045"},{"taxonomy":"post_tag","embeddable":true,"href":"https:\/\/crarn.org.br\/index.php?rest_route=%2Fwp%2Fv2%2Ftags&post=66045"}],"curies":[{"name":"wp","href":"https:\/\/api.w.org\/{rel}","templated":true}]}}