{"id":66031,"date":"2023-06-19T13:07:46","date_gmt":"2023-06-19T16:07:46","guid":{"rendered":"https:\/\/crarn.org.br\/?p=66031"},"modified":"2023-06-19T13:07:49","modified_gmt":"2023-06-19T16:07:49","slug":"funcionalidade-de-responsavel-tecnico-e-adicionada-ao-portal-cfa-talentos","status":"publish","type":"post","link":"https:\/\/crarn.org.br\/?p=66031","title":{"rendered":"Funcionalidade de Respons\u00e1vel T\u00e9cnico \u00e9 adicionada ao portal CFA-Talentos"},"content":{"rendered":"\n<p>O portal CFA-Talentos acaba de ganhar uma nova funcionalidade. A partir de agora, os profissionais cadastrados no portal ter\u00e3o a op\u00e7\u00e3o de indicar seu interesse em atuar como Respons\u00e1vel T\u00e9cnico, enquanto os empregadores poder\u00e3o refinar os resultados da pesquisa para encontrar o profissional mais adequado para essa fun\u00e7\u00e3o.<\/p>\n<p>\u201cEssa nova fun\u00e7\u00e3o tem como objetivo aprimorar o processo de busca e sele\u00e7\u00e3o de profissionais de Administra\u00e7\u00e3o, oferecendo aos empregadores uma maneira eficiente de encontrar respons\u00e1veis t\u00e9cnicos qualificados\u201d, explicou o diretor da C\u00e2mara de Estudos e Projetos Estrat\u00e9gicos (CEPE\/CFA), Adm. Jorge Cavalcante.<\/p>\n<p>Ao manifestar o interesse em atuar como respons\u00e1vel t\u00e9cnico, os profissionais demonstram sua disposi\u00e7\u00e3o para assumir essa posi\u00e7\u00e3o em organiza\u00e7\u00f5es e empresas, destacando-se como profissionais comprometidos e aptos a assumir responsabilidades de grande import\u00e2ncia.<\/p>\n<p>Por meio da pesquisa avan\u00e7ada dispon\u00edvel para os empregadores, \u00e9 poss\u00edvel refinar os resultados de acordo com crit\u00e9rios espec\u00edficos, possibilitando uma sele\u00e7\u00e3o mais precisa entre os profissionais cadastrados no CFA-Talentos. \u201cCom essa ferramenta, os empregadores poder\u00e3o identificar facilmente os candidatos que atendam aos requisitos necess\u00e1rios para o cargo de respons\u00e1vel t\u00e9cnico, otimizando o processo de contrata\u00e7\u00e3o\u201d, disse.<\/p>\n<p>O diretor ressalta, ainda, a import\u00e2ncia de manter o curr\u00edculo atualizado na plataforma. \u201cAo fornecer informa\u00e7\u00f5es detalhadas e atualizadas, os profissionais aumentam suas chances de serem selecionados para oportunidades de trabalho relevantes\u201d, justificou.<\/p>\n<p>O CFA continua empenhado em aprimorar suas plataformas e servi\u00e7os para melhor atender aos profissionais de Administra\u00e7\u00e3o e \u00e0s demandas do mercado. \u201cA adi\u00e7\u00e3o da funcionalidade de Respons\u00e1vel T\u00e9cnico no portal CFA-Talentos \u00e9 mais um passo importante para fortalecer a conex\u00e3o entre empregadores e profissionais qualificados, facilitando a busca por talentos e promovendo a empregabilidade na \u00e1rea da Administra\u00e7\u00e3o\u201d, pontuou o colaborador da CEPE, Ediberto Correia.<\/p>\n<p>Para obter mais informa\u00e7\u00f5es sobre a fun\u00e7\u00e3o de Respons\u00e1vel T\u00e9cnico, sugerimos a leitura da Resolu\u00e7\u00e3o Normativa CFA N\u00ba 519, de 18 de julho de 2017, que trata do Manual de Responsabilidade T\u00e9cnica do Profissional de Administra\u00e7\u00e3o.<\/p>\n<p>Acesse o portal CFA-Talentos (<a href=\"http:\/\/www.cfatalentos.org.br\">www.cfatalentos.org.br<\/a>) e aproveite todos os recursos dispon\u00edveis.<\/p>\n<p>\u00a0<\/p>\n<p>Fonte: CEPE\/CFA<\/p>\n<button class=\"simplefavorite-button\" data-postid=\"66031\" data-siteid=\"1\" data-groupid=\"1\" data-favoritecount=\"0\" style=\"\">Favorite <i class=\"sf-icon-star-empty\"><\/i><\/button>","protected":false},"excerpt":{"rendered":"<p>O portal CFA-Talentos acaba de ganhar uma nova funcionalidade. A partir de agora, os profissionais cadastrados no portal ter\u00e3o a op\u00e7\u00e3o de indicar seu interesse em atuar como Respons\u00e1vel T\u00e9cnico, enquanto os empregadores poder\u00e3o refinar os resultados da pesquisa para encontrar o profissional mais adequado para essa fun\u00e7\u00e3o. \u201cEssa nova fun\u00e7\u00e3o tem como objetivo aprimorar<a class=\"read-more\" href=\"https:\/\/crarn.org.br\/?p=66031\"> [&hellip;]<\/a><\/p>\n","protected":false},"author":26,"featured_media":66033,"comment_status":"closed","ping_status":"open","sticky":true,"template":"","format":"standard","meta":{"_price":"","_stock":"","_tribe_ticket_header":"","_tribe_default_ticket_provider":"","_tribe_ticket_capacity":"0","_ticket_start_date":"","_ticket_end_date":"","_tribe_ticket_show_description":"","_tribe_ticket_show_not_going":false,"_tribe_ticket_use_global_stock":"","_tribe_ticket_global_stock_level":"","_global_stock_mode":"","_global_stock_cap":"","_tribe_rsvp_for_event":"","_tribe_ticket_going_count":"","_tribe_ticket_not_going_count":"","_tribe_tickets_list":"[]","_tribe_ticket_has_attendee_info_fields":false,"footnotes":"","_links_to":"","_links_to_target":""},"categories":[549,426,312,320,399,309],"tags":[],"class_list":["post-66031","post","type-post","status-publish","format-standard","has-post-thumbnail","hentry","category-ano-2023","category-cfa","category-destaque-pequeno-inferior","category-home","category-institucional","category-ultimas-noticias","entry","has-media"],"_links":{"self":[{"href":"https:\/\/crarn.org.br\/index.php?rest_route=\/wp\/v2\/posts\/66031","targetHints":{"allow":["GET"]}}],"collection":[{"href":"https:\/\/crarn.org.br\/index.php?rest_route=\/wp\/v2\/posts"}],"about":[{"href":"https:\/\/crarn.org.br\/index.php?rest_route=\/wp\/v2\/types\/post"}],"author":[{"embeddable":true,"href":"https:\/\/crarn.org.br\/index.php?rest_route=\/wp\/v2\/users\/26"}],"replies":[{"embeddable":true,"href":"https:\/\/crarn.org.br\/index.php?rest_route=%2Fwp%2Fv2%2Fcomments&post=66031"}],"version-history":[{"count":2,"href":"https:\/\/crarn.org.br\/index.php?rest_route=\/wp\/v2\/posts\/66031\/revisions"}],"predecessor-version":[{"id":66034,"href":"https:\/\/crarn.org.br\/index.php?rest_route=\/wp\/v2\/posts\/66031\/revisions\/66034"}],"wp:featuredmedia":[{"embeddable":true,"href":"https:\/\/crarn.org.br\/index.php?rest_route=\/wp\/v2\/media\/66033"}],"wp:attachment":[{"href":"https:\/\/crarn.org.br\/index.php?rest_route=%2Fwp%2Fv2%2Fmedia&parent=66031"}],"wp:term":[{"taxonomy":"category","embeddable":true,"href":"https:\/\/crarn.org.br\/index.php?rest_route=%2Fwp%2Fv2%2Fcategories&post=66031"},{"taxonomy":"post_tag","embeddable":true,"href":"https:\/\/crarn.org.br\/index.php?rest_route=%2Fwp%2Fv2%2Ftags&post=66031"}],"curies":[{"name":"wp","href":"https:\/\/api.w.org\/{rel}","templated":true}]}}