{"id":66028,"date":"2023-06-15T11:59:16","date_gmt":"2023-06-15T14:59:16","guid":{"rendered":"https:\/\/crarn.org.br\/?p=66028"},"modified":"2023-06-15T11:59:18","modified_gmt":"2023-06-15T14:59:18","slug":"cra-rn-leva-palestra-sobre-mercado-de-trabalho-para-estudantes","status":"publish","type":"post","link":"https:\/\/crarn.org.br\/?p=66028","title":{"rendered":"CRA-RN leva palestra sobre mercado de trabalho para estudantes"},"content":{"rendered":"\n\n\n<p>Dando prosseguimento ao trabalho de aproxima\u00e7\u00e3o com os estudantes dos cursos t\u00e9cnicos, nesta quarta-feira, a coordenadora de Fiscaliza\u00e7\u00e3o do CRA-RN, Adm. Tatiana Costa Pinto, esteve na Escola Estadual em Tempo Integral Dr. Ant\u00f4nio de Souza, em Parnamirim.<\/p>\n<p>Durante a visita, reuniu os alunos dos 1\u00ba, 2\u00ba e 3\u00ba anos dos Cursos T\u00e9cnico em Administra\u00e7\u00e3o e T\u00e9cnico em Log\u00edstica em torno de uma palestra sobre \u201cForma\u00e7\u00e3o, Mercado e Oportunidades\u201d, quando tamb\u00e9m falou sobre o \u00a0Conselho e a import\u00e2ncia do registro para o exerc\u00edcio legal da profiss\u00e3o<\/p>\n<p>\u00a0<\/p>\n<p>\u00a0<\/p>\n<button class=\"simplefavorite-button\" data-postid=\"66028\" data-siteid=\"1\" data-groupid=\"1\" data-favoritecount=\"0\" style=\"\">Favorite <i class=\"sf-icon-star-empty\"><\/i><\/button>","protected":false},"excerpt":{"rendered":"<p>Dando prosseguimento ao trabalho de aproxima\u00e7\u00e3o com os estudantes dos cursos t\u00e9cnicos, nesta quarta-feira, a coordenadora de Fiscaliza\u00e7\u00e3o do CRA-RN, Adm. Tatiana Costa Pinto, esteve na Escola Estadual em Tempo Integral Dr. Ant\u00f4nio de Souza, em Parnamirim. Durante a visita, reuniu os alunos dos 1\u00ba, 2\u00ba e 3\u00ba anos dos Cursos T\u00e9cnico em Administra\u00e7\u00e3o e<a class=\"read-more\" href=\"https:\/\/crarn.org.br\/?p=66028\"> [&hellip;]<\/a><\/p>\n","protected":false},"author":26,"featured_media":66029,"comment_status":"closed","ping_status":"open","sticky":true,"template":"","format":"standard","meta":{"_price":"","_stock":"","_tribe_ticket_header":"","_tribe_default_ticket_provider":"","_tribe_ticket_capacity":"0","_ticket_start_date":"","_ticket_end_date":"","_tribe_ticket_show_description":"","_tribe_ticket_show_not_going":false,"_tribe_ticket_use_global_stock":"","_tribe_ticket_global_stock_level":"","_global_stock_mode":"","_global_stock_cap":"","_tribe_rsvp_for_event":"","_tribe_ticket_going_count":"","_tribe_ticket_not_going_count":"","_tribe_tickets_list":"[]","_tribe_ticket_has_attendee_info_fields":false,"footnotes":"","_links_to":"","_links_to_target":""},"categories":[549,310,320,399,309],"tags":[],"class_list":["post-66028","post","type-post","status-publish","format-standard","has-post-thumbnail","hentry","category-ano-2023","category-destaque-grande","category-home","category-institucional","category-ultimas-noticias","entry","has-media"],"_links":{"self":[{"href":"https:\/\/crarn.org.br\/index.php?rest_route=\/wp\/v2\/posts\/66028","targetHints":{"allow":["GET"]}}],"collection":[{"href":"https:\/\/crarn.org.br\/index.php?rest_route=\/wp\/v2\/posts"}],"about":[{"href":"https:\/\/crarn.org.br\/index.php?rest_route=\/wp\/v2\/types\/post"}],"author":[{"embeddable":true,"href":"https:\/\/crarn.org.br\/index.php?rest_route=\/wp\/v2\/users\/26"}],"replies":[{"embeddable":true,"href":"https:\/\/crarn.org.br\/index.php?rest_route=%2Fwp%2Fv2%2Fcomments&post=66028"}],"version-history":[{"count":1,"href":"https:\/\/crarn.org.br\/index.php?rest_route=\/wp\/v2\/posts\/66028\/revisions"}],"predecessor-version":[{"id":66030,"href":"https:\/\/crarn.org.br\/index.php?rest_route=\/wp\/v2\/posts\/66028\/revisions\/66030"}],"wp:featuredmedia":[{"embeddable":true,"href":"https:\/\/crarn.org.br\/index.php?rest_route=\/wp\/v2\/media\/66029"}],"wp:attachment":[{"href":"https:\/\/crarn.org.br\/index.php?rest_route=%2Fwp%2Fv2%2Fmedia&parent=66028"}],"wp:term":[{"taxonomy":"category","embeddable":true,"href":"https:\/\/crarn.org.br\/index.php?rest_route=%2Fwp%2Fv2%2Fcategories&post=66028"},{"taxonomy":"post_tag","embeddable":true,"href":"https:\/\/crarn.org.br\/index.php?rest_route=%2Fwp%2Fv2%2Ftags&post=66028"}],"curies":[{"name":"wp","href":"https:\/\/api.w.org\/{rel}","templated":true}]}}