{"id":66001,"date":"2023-05-25T16:43:42","date_gmt":"2023-05-25T19:43:42","guid":{"rendered":"https:\/\/crarn.org.br\/?p=66001"},"modified":"2023-05-30T15:32:17","modified_gmt":"2023-05-30T18:32:17","slug":"comissao-adm-mulher-reune-profissionais-em-almoco-2","status":"publish","type":"post","link":"https:\/\/crarn.org.br\/?p=66001","title":{"rendered":"Comiss\u00e3o ADM Mulher re\u00fane profissionais em almo\u00e7o"},"content":{"rendered":"\n<p>Nesta quinta-feira (25\/05), a Comiss\u00e3o ADM Mulher do CRA-RN reuniu as profissionais em um almo\u00e7o por ades\u00e3o, comemorativo pelo Dia das M\u00e3es, organizado pela vice coordenadora, Adm. Alice Dantas e pela membro da comiss\u00e3o, Adm. Simone Rom\u00e3o.<\/p>\n<p>Durante o almo\u00e7o, no Restaurante Mangai, houve uma importante intera\u00e7\u00e3o entre as participantes, quando foi discutida a quest\u00e3o da inser\u00e7\u00e3o e manuten\u00e7\u00e3o da mulher\/m\u00e3e no mercado de trabalho, os desafios que elas enfrentam para conciliar todos os papeis, assim como, a quest\u00e3o da representatividade feminina no CFA e nos regionais.<\/p>\n<p>De forma a promover um maior entrosamento entre as participantes, houve um momento em que cada uma se apresentou e falou sobre suas experi\u00eancias profissionais, expertises etc.<\/p>\n<p>A Comiss\u00e3o pretende reunir as profissionais em almo\u00e7os mensais para planejamento de a\u00e7\u00f5es futuras, promovendo o network e o compartilhamento de experi\u00eancias.<\/p>\n<p>\u00a0<\/p>\n<p>\u00a0<\/p>\n<p>.<\/p>\n<p>\u00a0<\/p>\n<button class=\"simplefavorite-button\" data-postid=\"66001\" data-siteid=\"1\" data-groupid=\"1\" data-favoritecount=\"0\" style=\"\">Favorite <i class=\"sf-icon-star-empty\"><\/i><\/button>","protected":false},"excerpt":{"rendered":"<p>Nesta quinta-feira (25\/05), a Comiss\u00e3o ADM Mulher do CRA-RN reuniu as profissionais em um almo\u00e7o por ades\u00e3o, comemorativo pelo Dia das M\u00e3es, organizado pela vice coordenadora, Adm. Alice Dantas e pela membro da comiss\u00e3o, Adm. Simone Rom\u00e3o. Durante o almo\u00e7o, no Restaurante Mangai, houve uma importante intera\u00e7\u00e3o entre as participantes, quando foi discutida a quest\u00e3o<a class=\"read-more\" href=\"https:\/\/crarn.org.br\/?p=66001\"> [&hellip;]<\/a><\/p>\n","protected":false},"author":26,"featured_media":66002,"comment_status":"closed","ping_status":"open","sticky":true,"template":"","format":"standard","meta":{"_price":"","_stock":"","_tribe_ticket_header":"","_tribe_default_ticket_provider":"","_tribe_ticket_capacity":"0","_ticket_start_date":"","_ticket_end_date":"","_tribe_ticket_show_description":"","_tribe_ticket_show_not_going":false,"_tribe_ticket_use_global_stock":"","_tribe_ticket_global_stock_level":"","_global_stock_mode":"","_global_stock_cap":"","_tribe_rsvp_for_event":"","_tribe_ticket_going_count":"","_tribe_ticket_not_going_count":"","_tribe_tickets_list":"[]","_tribe_ticket_has_attendee_info_fields":false,"footnotes":"","_links_to":"","_links_to_target":""},"categories":[549,312,320,399,309],"tags":[],"class_list":["post-66001","post","type-post","status-publish","format-standard","has-post-thumbnail","hentry","category-ano-2023","category-destaque-pequeno-inferior","category-home","category-institucional","category-ultimas-noticias","entry","has-media"],"_links":{"self":[{"href":"https:\/\/crarn.org.br\/index.php?rest_route=\/wp\/v2\/posts\/66001","targetHints":{"allow":["GET"]}}],"collection":[{"href":"https:\/\/crarn.org.br\/index.php?rest_route=\/wp\/v2\/posts"}],"about":[{"href":"https:\/\/crarn.org.br\/index.php?rest_route=\/wp\/v2\/types\/post"}],"author":[{"embeddable":true,"href":"https:\/\/crarn.org.br\/index.php?rest_route=\/wp\/v2\/users\/26"}],"replies":[{"embeddable":true,"href":"https:\/\/crarn.org.br\/index.php?rest_route=%2Fwp%2Fv2%2Fcomments&post=66001"}],"version-history":[{"count":1,"href":"https:\/\/crarn.org.br\/index.php?rest_route=\/wp\/v2\/posts\/66001\/revisions"}],"predecessor-version":[{"id":66003,"href":"https:\/\/crarn.org.br\/index.php?rest_route=\/wp\/v2\/posts\/66001\/revisions\/66003"}],"wp:featuredmedia":[{"embeddable":true,"href":"https:\/\/crarn.org.br\/index.php?rest_route=\/wp\/v2\/media\/66002"}],"wp:attachment":[{"href":"https:\/\/crarn.org.br\/index.php?rest_route=%2Fwp%2Fv2%2Fmedia&parent=66001"}],"wp:term":[{"taxonomy":"category","embeddable":true,"href":"https:\/\/crarn.org.br\/index.php?rest_route=%2Fwp%2Fv2%2Fcategories&post=66001"},{"taxonomy":"post_tag","embeddable":true,"href":"https:\/\/crarn.org.br\/index.php?rest_route=%2Fwp%2Fv2%2Ftags&post=66001"}],"curies":[{"name":"wp","href":"https:\/\/api.w.org\/{rel}","templated":true}]}}