{"id":65989,"date":"2023-05-24T12:57:24","date_gmt":"2023-05-24T15:57:24","guid":{"rendered":"https:\/\/crarn.org.br\/?p=65989"},"modified":"2023-05-24T12:57:26","modified_gmt":"2023-05-24T15:57:26","slug":"adm-mulher-promove-lives-sobre-grandes-temas-da-administracao","status":"publish","type":"post","link":"https:\/\/crarn.org.br\/?p=65989","title":{"rendered":"ADM Mulher promove lives sobre grandes temas da Administra\u00e7\u00e3o"},"content":{"rendered":"\n<p>A Comiss\u00e3o Especial ADM Mulher do Conselho Federal de Administra\u00e7\u00e3o realizar\u00e1, nesta sexta-feira, 26, mais uma edi\u00e7\u00e3o do \u201cADM Mulher Webinar\u201d. O evento reunir\u00e1 grandes lideran\u00e7as femininas para debater sobre \u201cMulheres na educa\u00e7\u00e3o\u201d.<\/p>\n<p>A vice-reitora da Unoesc Videira, Adm. Carla Fabiana Cazella, e a coordenadora da Faculdade Unyleya, Adm. Shirley de Fran\u00e7a Moraes, s\u00e3o as convidadas desta edi\u00e7\u00e3o. Ao lado delas estar\u00e3o, ainda, a coordenadora e a vice-coordenadora da Comiss\u00e3o, Adm. Rita Maria Silveira da Silva e Adm. Maria do Ros\u00e1rio Martins da Silva, respectivamente, e a coordenadora da Comiss\u00e3o Especial da Mulher do CRA-RJ, Adm. Yara Assis Rezina.<\/p>\n<p>O projeto \u201cADM Mulher Webinar\u201d visa promover o fortalecimento e a visibilidade das profissionais de Administra\u00e7\u00e3o no Sistema CFA\/CRAs e no mercado de trabalho de forma geral, por meio de debates on-line com mulheres que se destacam no meio onde atuam. Neste ano, a Comiss\u00e3o j\u00e1 realizou duas edi\u00e7\u00f5es \u2013 uma em alus\u00e3o ao <a href=\"https:\/\/www.youtube.com\/live\/sLJS9vfAajg?feature=share\">Dia Internacional da Mulher<\/a> e outra sobre <a href=\"https:\/\/www.youtube.com\/live\/s_l004jQrNU?feature=share\">empreendedorismo feminino<\/a> \u2013 e a proposta \u00e9 realizar um debate por m\u00eas.<\/p>\n<p>A agenda de lives 2023 da Comiss\u00e3o j\u00e1 est\u00e1 quase toda fechada. A expectativa \u00e9 realizar o evento toda \u00faltima quarta-feira do m\u00eas. A exemplo dos anos anteriores, a Comiss\u00e3o promete trazer \u00e0 tona grandes temas da Administra\u00e7\u00e3o sob a \u00f3tica feminina a fim de promover uma profunda reflex\u00e3o sobre paridade de g\u00eanero e a luta pela equidade na profiss\u00e3o.<\/p>\n<p><strong>Saiba mais<\/strong><\/p>\n<p>A pr\u00f3xima edi\u00e7\u00e3o do \u201cADM Mulher Webinar\u201d acontecer\u00e1 no dia 26\/5, \u00e0s 16h, e ser\u00e1 transmitido pelo <a href=\"https:\/\/www.youtube.com\/live\/gwkt_GC_cOc?feature=share\">CFAPlay<\/a>. E para acompanhar todas as a\u00e7\u00f5es que a Comiss\u00e3o Especial ADM Mulher promover\u00e1 neste ano, acesse<a href=\"_wp_link_placeholder\" data-wplink-edit=\"true\"> www.cfa.org.br<\/a>.<\/p>\n<p>\u00a0<\/p>\n<p>\u00a0<\/p>\n<p>Ana Graciele Gon\u00e7alves<\/p>\n<p>Assessoria de Comunica\u00e7\u00e3o CFA<\/p>\n<button class=\"simplefavorite-button\" data-postid=\"65989\" data-siteid=\"1\" data-groupid=\"1\" data-favoritecount=\"0\" style=\"\">Favorite <i class=\"sf-icon-star-empty\"><\/i><\/button>","protected":false},"excerpt":{"rendered":"<p>A Comiss\u00e3o Especial ADM Mulher do Conselho Federal de Administra\u00e7\u00e3o realizar\u00e1, nesta sexta-feira, 26, mais uma edi\u00e7\u00e3o do \u201cADM Mulher Webinar\u201d. O evento reunir\u00e1 grandes lideran\u00e7as femininas para debater sobre \u201cMulheres na educa\u00e7\u00e3o\u201d. A vice-reitora da Unoesc Videira, Adm. Carla Fabiana Cazella, e a coordenadora da Faculdade Unyleya, Adm. Shirley de Fran\u00e7a Moraes, s\u00e3o as<a class=\"read-more\" href=\"https:\/\/crarn.org.br\/?p=65989\"> [&hellip;]<\/a><\/p>\n","protected":false},"author":26,"featured_media":65990,"comment_status":"closed","ping_status":"open","sticky":true,"template":"","format":"standard","meta":{"_price":"","_stock":"","_tribe_ticket_header":"","_tribe_default_ticket_provider":"","_tribe_ticket_capacity":"0","_ticket_start_date":"","_ticket_end_date":"","_tribe_ticket_show_description":"","_tribe_ticket_show_not_going":false,"_tribe_ticket_use_global_stock":"","_tribe_ticket_global_stock_level":"","_global_stock_mode":"","_global_stock_cap":"","_tribe_rsvp_for_event":"","_tribe_ticket_going_count":"","_tribe_ticket_not_going_count":"","_tribe_tickets_list":"[]","_tribe_ticket_has_attendee_info_fields":false,"footnotes":"","_links_to":"","_links_to_target":""},"categories":[549,312,320,399,309],"tags":[],"class_list":["post-65989","post","type-post","status-publish","format-standard","has-post-thumbnail","hentry","category-ano-2023","category-destaque-pequeno-inferior","category-home","category-institucional","category-ultimas-noticias","entry","has-media"],"_links":{"self":[{"href":"https:\/\/crarn.org.br\/index.php?rest_route=\/wp\/v2\/posts\/65989","targetHints":{"allow":["GET"]}}],"collection":[{"href":"https:\/\/crarn.org.br\/index.php?rest_route=\/wp\/v2\/posts"}],"about":[{"href":"https:\/\/crarn.org.br\/index.php?rest_route=\/wp\/v2\/types\/post"}],"author":[{"embeddable":true,"href":"https:\/\/crarn.org.br\/index.php?rest_route=\/wp\/v2\/users\/26"}],"replies":[{"embeddable":true,"href":"https:\/\/crarn.org.br\/index.php?rest_route=%2Fwp%2Fv2%2Fcomments&post=65989"}],"version-history":[{"count":2,"href":"https:\/\/crarn.org.br\/index.php?rest_route=\/wp\/v2\/posts\/65989\/revisions"}],"predecessor-version":[{"id":65992,"href":"https:\/\/crarn.org.br\/index.php?rest_route=\/wp\/v2\/posts\/65989\/revisions\/65992"}],"wp:featuredmedia":[{"embeddable":true,"href":"https:\/\/crarn.org.br\/index.php?rest_route=\/wp\/v2\/media\/65990"}],"wp:attachment":[{"href":"https:\/\/crarn.org.br\/index.php?rest_route=%2Fwp%2Fv2%2Fmedia&parent=65989"}],"wp:term":[{"taxonomy":"category","embeddable":true,"href":"https:\/\/crarn.org.br\/index.php?rest_route=%2Fwp%2Fv2%2Fcategories&post=65989"},{"taxonomy":"post_tag","embeddable":true,"href":"https:\/\/crarn.org.br\/index.php?rest_route=%2Fwp%2Fv2%2Ftags&post=65989"}],"curies":[{"name":"wp","href":"https:\/\/api.w.org\/{rel}","templated":true}]}}