{"id":65985,"date":"2023-05-23T15:23:03","date_gmt":"2023-05-23T18:23:03","guid":{"rendered":"https:\/\/crarn.org.br\/?p=65985"},"modified":"2023-05-23T15:23:06","modified_gmt":"2023-05-23T18:23:06","slug":"comissao-adm-mulher-promove-almoco-em-homenagem-as-maes","status":"publish","type":"post","link":"https:\/\/crarn.org.br\/?p=65985","title":{"rendered":"Comiss\u00e3o ADM Mulher promove almo\u00e7o em homenagem \u00e0s m\u00e3es"},"content":{"rendered":"\n<p>Nesta quinta-feira (25\/05), a Comiss\u00e3o Especial ADM Mulher do CRA-RN realiza um almo\u00e7o por ades\u00e3o, em homenagem \u00e0s m\u00e3es profissionais de administra\u00e7\u00e3o<\/p>\n<p>O encontro ser\u00e1 no Restaurante Mangai de Lagoa Nova, \u00e0s 12h.<\/p>\n<p>\u00c9 importante confirmar a presen\u00e7a pelo telefone 3234-6672 (liga\u00e7\u00e3o e Whats App), para que o ambiente possa ser organizado de forma a bem receber a todas.<\/p>\n<button class=\"simplefavorite-button\" data-postid=\"65985\" data-siteid=\"1\" data-groupid=\"1\" data-favoritecount=\"0\" style=\"\">Favorite <i class=\"sf-icon-star-empty\"><\/i><\/button>","protected":false},"excerpt":{"rendered":"<p>Nesta quinta-feira (25\/05), a Comiss\u00e3o Especial ADM Mulher do CRA-RN realiza um almo\u00e7o por ades\u00e3o, em homenagem \u00e0s m\u00e3es profissionais de administra\u00e7\u00e3o O encontro ser\u00e1 no Restaurante Mangai de Lagoa Nova, \u00e0s 12h. \u00c9 importante confirmar a presen\u00e7a pelo telefone 3234-6672 (liga\u00e7\u00e3o e Whats App), para que o ambiente possa ser organizado de forma a<a class=\"read-more\" href=\"https:\/\/crarn.org.br\/?p=65985\"> [&hellip;]<\/a><\/p>\n","protected":false},"author":26,"featured_media":65986,"comment_status":"closed","ping_status":"open","sticky":true,"template":"","format":"standard","meta":{"_price":"","_stock":"","_tribe_ticket_header":"","_tribe_default_ticket_provider":"","_tribe_ticket_capacity":"0","_ticket_start_date":"","_ticket_end_date":"","_tribe_ticket_show_description":"","_tribe_ticket_show_not_going":false,"_tribe_ticket_use_global_stock":"","_tribe_ticket_global_stock_level":"","_global_stock_mode":"","_global_stock_cap":"","_tribe_rsvp_for_event":"","_tribe_ticket_going_count":"","_tribe_ticket_not_going_count":"","_tribe_tickets_list":"[]","_tribe_ticket_has_attendee_info_fields":false,"footnotes":"","_links_to":"","_links_to_target":""},"categories":[549,310,320,399,309],"tags":[],"class_list":["post-65985","post","type-post","status-publish","format-standard","has-post-thumbnail","hentry","category-ano-2023","category-destaque-grande","category-home","category-institucional","category-ultimas-noticias","entry","has-media"],"_links":{"self":[{"href":"https:\/\/crarn.org.br\/index.php?rest_route=\/wp\/v2\/posts\/65985","targetHints":{"allow":["GET"]}}],"collection":[{"href":"https:\/\/crarn.org.br\/index.php?rest_route=\/wp\/v2\/posts"}],"about":[{"href":"https:\/\/crarn.org.br\/index.php?rest_route=\/wp\/v2\/types\/post"}],"author":[{"embeddable":true,"href":"https:\/\/crarn.org.br\/index.php?rest_route=\/wp\/v2\/users\/26"}],"replies":[{"embeddable":true,"href":"https:\/\/crarn.org.br\/index.php?rest_route=%2Fwp%2Fv2%2Fcomments&post=65985"}],"version-history":[{"count":1,"href":"https:\/\/crarn.org.br\/index.php?rest_route=\/wp\/v2\/posts\/65985\/revisions"}],"predecessor-version":[{"id":65987,"href":"https:\/\/crarn.org.br\/index.php?rest_route=\/wp\/v2\/posts\/65985\/revisions\/65987"}],"wp:featuredmedia":[{"embeddable":true,"href":"https:\/\/crarn.org.br\/index.php?rest_route=\/wp\/v2\/media\/65986"}],"wp:attachment":[{"href":"https:\/\/crarn.org.br\/index.php?rest_route=%2Fwp%2Fv2%2Fmedia&parent=65985"}],"wp:term":[{"taxonomy":"category","embeddable":true,"href":"https:\/\/crarn.org.br\/index.php?rest_route=%2Fwp%2Fv2%2Fcategories&post=65985"},{"taxonomy":"post_tag","embeddable":true,"href":"https:\/\/crarn.org.br\/index.php?rest_route=%2Fwp%2Fv2%2Ftags&post=65985"}],"curies":[{"name":"wp","href":"https:\/\/api.w.org\/{rel}","templated":true}]}}