{"id":65981,"date":"2023-05-19T16:07:39","date_gmt":"2023-05-19T19:07:39","guid":{"rendered":"https:\/\/crarn.org.br\/?p=65981"},"modified":"2023-05-23T15:28:02","modified_gmt":"2023-05-23T18:28:02","slug":"cra-rn-participa-da-gestao-da-rede-de-fiscalizacao-do-rn","status":"publish","type":"post","link":"https:\/\/crarn.org.br\/?p=65981","title":{"rendered":"CRA-RN participa da gest\u00e3o da Rede de Fiscaliza\u00e7\u00e3o do RN"},"content":{"rendered":"\n<p>Nesta quinta-feira (18\/05), o Assessor Jur\u00eddico do CRA-RN, Andr\u00e9 de Medeiros participou da reuni\u00e3o designada para elei\u00e7\u00e3o da equipe gestora da Rede de Fiscaliza\u00e7\u00e3o do RN.<\/p>\n<p>Durante a reuni\u00e3o, que foi realizada online, os presentes escolheram, por unanimidade, o assessor jur\u00eddico do CRC-RN Dr. Rossini Gustavo para a coordena\u00e7\u00e3o da Rede de Fiscaliza\u00e7\u00e3o e o representante do CRA-RN, Andr\u00e9 de Medeiros, como Secret\u00e1rio da Rede. A equipe de gest\u00e3o ficar\u00e1 \u00e0 frente dos assuntos, pautas e delibera\u00e7\u00f5es do grupo.<\/p>\n<p>Entusiasta da cria\u00e7\u00e3o do grupo, Andr\u00e9 destaca que participar \u00e9 ter a chance de influenciar de maneira significativa os trabalhos da Rede, na busca pela concretiza\u00e7\u00e3o de um sonho antigo, que \u00e9 a extens\u00e3o da regulamenta\u00e7\u00e3o das fiscaliza\u00e7\u00f5es junto aos \u00f3rg\u00e3os oficiais, indispens\u00e1veis ao efetivo cumprimento do poder de pol\u00edcia dos Conselhos. \u201cPara que a proposta seja aproveitada por completo, al\u00e9m de tudo, buscaremos ser um s\u00f3 na busca pelo aprimoramento das atividades profissionais regulamentadas, privativas de cada Conselho, harmonizando nossas pr\u00e1ticas e processos\u201d, afirmou.<\/p>\n<p>As reuni\u00f5es da Rede de Fiscaliza\u00e7\u00e3o ser\u00e3o realizadas mensalmente, nas primeiras quintas-feiras de cada m\u00eas, para ficarem em conformidade com a realiza\u00e7\u00e3o das plen\u00e1rias dos conselhos, de modo a haver uma intera\u00e7\u00e3o\u00a0 entre os conte\u00fados das plen\u00e1rias e as delibera\u00e7\u00f5es da rede.<\/p>\n<button class=\"simplefavorite-button\" data-postid=\"65981\" data-siteid=\"1\" data-groupid=\"1\" data-favoritecount=\"0\" style=\"\">Favorite <i class=\"sf-icon-star-empty\"><\/i><\/button>","protected":false},"excerpt":{"rendered":"<p>Nesta quinta-feira (18\/05), o Assessor Jur\u00eddico do CRA-RN, Andr\u00e9 de Medeiros participou da reuni\u00e3o designada para elei\u00e7\u00e3o da equipe gestora da Rede de Fiscaliza\u00e7\u00e3o do RN. Durante a reuni\u00e3o, que foi realizada online, os presentes escolheram, por unanimidade, o assessor jur\u00eddico do CRC-RN Dr. Rossini Gustavo para a coordena\u00e7\u00e3o da Rede de Fiscaliza\u00e7\u00e3o e o<a class=\"read-more\" href=\"https:\/\/crarn.org.br\/?p=65981\"> [&hellip;]<\/a><\/p>\n","protected":false},"author":26,"featured_media":65982,"comment_status":"closed","ping_status":"open","sticky":true,"template":"","format":"standard","meta":{"_price":"","_stock":"","_tribe_ticket_header":"","_tribe_default_ticket_provider":"","_tribe_ticket_capacity":"0","_ticket_start_date":"","_ticket_end_date":"","_tribe_ticket_show_description":"","_tribe_ticket_show_not_going":false,"_tribe_ticket_use_global_stock":"","_tribe_ticket_global_stock_level":"","_global_stock_mode":"","_global_stock_cap":"","_tribe_rsvp_for_event":"","_tribe_ticket_going_count":"","_tribe_ticket_not_going_count":"","_tribe_tickets_list":"[]","_tribe_ticket_has_attendee_info_fields":false,"footnotes":"","_links_to":"","_links_to_target":""},"categories":[549,312,320,309],"tags":[],"class_list":["post-65981","post","type-post","status-publish","format-standard","has-post-thumbnail","hentry","category-ano-2023","category-destaque-pequeno-inferior","category-home","category-ultimas-noticias","entry","has-media"],"_links":{"self":[{"href":"https:\/\/crarn.org.br\/index.php?rest_route=\/wp\/v2\/posts\/65981","targetHints":{"allow":["GET"]}}],"collection":[{"href":"https:\/\/crarn.org.br\/index.php?rest_route=\/wp\/v2\/posts"}],"about":[{"href":"https:\/\/crarn.org.br\/index.php?rest_route=\/wp\/v2\/types\/post"}],"author":[{"embeddable":true,"href":"https:\/\/crarn.org.br\/index.php?rest_route=\/wp\/v2\/users\/26"}],"replies":[{"embeddable":true,"href":"https:\/\/crarn.org.br\/index.php?rest_route=%2Fwp%2Fv2%2Fcomments&post=65981"}],"version-history":[{"count":1,"href":"https:\/\/crarn.org.br\/index.php?rest_route=\/wp\/v2\/posts\/65981\/revisions"}],"predecessor-version":[{"id":65983,"href":"https:\/\/crarn.org.br\/index.php?rest_route=\/wp\/v2\/posts\/65981\/revisions\/65983"}],"wp:featuredmedia":[{"embeddable":true,"href":"https:\/\/crarn.org.br\/index.php?rest_route=\/wp\/v2\/media\/65982"}],"wp:attachment":[{"href":"https:\/\/crarn.org.br\/index.php?rest_route=%2Fwp%2Fv2%2Fmedia&parent=65981"}],"wp:term":[{"taxonomy":"category","embeddable":true,"href":"https:\/\/crarn.org.br\/index.php?rest_route=%2Fwp%2Fv2%2Fcategories&post=65981"},{"taxonomy":"post_tag","embeddable":true,"href":"https:\/\/crarn.org.br\/index.php?rest_route=%2Fwp%2Fv2%2Ftags&post=65981"}],"curies":[{"name":"wp","href":"https:\/\/api.w.org\/{rel}","templated":true}]}}