{"id":65973,"date":"2023-05-16T16:12:15","date_gmt":"2023-05-16T19:12:15","guid":{"rendered":"https:\/\/crarn.org.br\/?p=65973"},"modified":"2023-05-17T13:31:05","modified_gmt":"2023-05-17T16:31:05","slug":"cra-rn-promove-workshop-sobre-lgpd","status":"publish","type":"post","link":"https:\/\/crarn.org.br\/?p=65973","title":{"rendered":"CRA-RN promove Workshop sobre LGPD"},"content":{"rendered":"\n<p>A Lei Geral de Prote\u00e7\u00e3o de Dados &#8211; LGPD \u00e9 um passo importante em rela\u00e7\u00e3o ao direito \u00e0 privacidade de informa\u00e7\u00f5es pessoais, pois afeta a forma com que as empresas e organiza\u00e7\u00f5es captam, armazenam e utilizam dados de seus clientes, tanto no meio online quanto offline. Desde a sua promulga\u00e7\u00e3o, tem obrigado as empresas a realizarem adapta\u00e7\u00f5es. Profissionais e organiza\u00e7\u00f5es precisam conhecer as obrigatoriedades e entender o impacto que elas podem gerar nas opera\u00e7\u00f5es e estrat\u00e9gias de marketing.<\/p>\n<p>Para capacitar os profissionais de Administra\u00e7\u00e3o a entenderem a Lei e suas obriga\u00e7\u00f5es, o CRA-RN promove o Workshop LGPD, no pr\u00f3ximo dia 03 de junho, com a participa\u00e7\u00e3o da Advogada, Gestora de Privacidade e Membro do Comit\u00ea Gestor de Prote\u00e7\u00e3o de Dados da OAB\/RN, Fernanda Montenegro e da PhD em Ci\u00eancia da Informa\u00e7\u00e3o e Direito, Adriana Carla Oliveira.<\/p>\n<p>As inscri\u00e7\u00f5es podem ser feitas pelo e-mail <a href=\"mailto:formacao@crarn.com.br\">formacao@crarn.com.br<\/a>. Profissionais registrados, adimplentes com o Conselho e participantes do CRA-Jovem n\u00e3o pagam inscri\u00e7\u00e3o. Para os demais profissionais, o custo \u00e9 de R$ 100,00 e estudantes, R$ 50,00.<\/p>\n<p>\u00a0<\/p>\n<p>Data: 03\/06\/2023<\/p>\n<p>Hor\u00e1rio: 09 \u00e0s 13h<\/p>\n<p>Local: Audit\u00f3rio do CRA-RN<\/p>\n<p>\u00a0<\/p>\n<p>\u00a0<\/p>\n<p>\u00a0<\/p>\n<button class=\"simplefavorite-button\" data-postid=\"65973\" data-siteid=\"1\" data-groupid=\"1\" data-favoritecount=\"1\" style=\"\">Favorite <i class=\"sf-icon-star-empty\"><\/i><\/button>","protected":false},"excerpt":{"rendered":"<p>A Lei Geral de Prote\u00e7\u00e3o de Dados &#8211; LGPD \u00e9 um passo importante em rela\u00e7\u00e3o ao direito \u00e0 privacidade de informa\u00e7\u00f5es pessoais, pois afeta a forma com que as empresas e organiza\u00e7\u00f5es captam, armazenam e utilizam dados de seus clientes, tanto no meio online quanto offline. Desde a sua promulga\u00e7\u00e3o, tem obrigado as empresas a<a class=\"read-more\" href=\"https:\/\/crarn.org.br\/?p=65973\"> [&hellip;]<\/a><\/p>\n","protected":false},"author":26,"featured_media":65974,"comment_status":"closed","ping_status":"open","sticky":true,"template":"","format":"standard","meta":{"_price":"","_stock":"","_tribe_ticket_header":"","_tribe_default_ticket_provider":"","_tribe_ticket_capacity":"0","_ticket_start_date":"","_ticket_end_date":"","_tribe_ticket_show_description":"","_tribe_ticket_show_not_going":false,"_tribe_ticket_use_global_stock":"","_tribe_ticket_global_stock_level":"","_global_stock_mode":"","_global_stock_cap":"","_tribe_rsvp_for_event":"","_tribe_ticket_going_count":"","_tribe_ticket_not_going_count":"","_tribe_tickets_list":"[]","_tribe_ticket_has_attendee_info_fields":false,"footnotes":"","_links_to":"","_links_to_target":""},"categories":[549,310,320,399,309],"tags":[],"class_list":["post-65973","post","type-post","status-publish","format-standard","has-post-thumbnail","hentry","category-ano-2023","category-destaque-grande","category-home","category-institucional","category-ultimas-noticias","entry","has-media"],"_links":{"self":[{"href":"https:\/\/crarn.org.br\/index.php?rest_route=\/wp\/v2\/posts\/65973","targetHints":{"allow":["GET"]}}],"collection":[{"href":"https:\/\/crarn.org.br\/index.php?rest_route=\/wp\/v2\/posts"}],"about":[{"href":"https:\/\/crarn.org.br\/index.php?rest_route=\/wp\/v2\/types\/post"}],"author":[{"embeddable":true,"href":"https:\/\/crarn.org.br\/index.php?rest_route=\/wp\/v2\/users\/26"}],"replies":[{"embeddable":true,"href":"https:\/\/crarn.org.br\/index.php?rest_route=%2Fwp%2Fv2%2Fcomments&post=65973"}],"version-history":[{"count":2,"href":"https:\/\/crarn.org.br\/index.php?rest_route=\/wp\/v2\/posts\/65973\/revisions"}],"predecessor-version":[{"id":65979,"href":"https:\/\/crarn.org.br\/index.php?rest_route=\/wp\/v2\/posts\/65973\/revisions\/65979"}],"wp:featuredmedia":[{"embeddable":true,"href":"https:\/\/crarn.org.br\/index.php?rest_route=\/wp\/v2\/media\/65974"}],"wp:attachment":[{"href":"https:\/\/crarn.org.br\/index.php?rest_route=%2Fwp%2Fv2%2Fmedia&parent=65973"}],"wp:term":[{"taxonomy":"category","embeddable":true,"href":"https:\/\/crarn.org.br\/index.php?rest_route=%2Fwp%2Fv2%2Fcategories&post=65973"},{"taxonomy":"post_tag","embeddable":true,"href":"https:\/\/crarn.org.br\/index.php?rest_route=%2Fwp%2Fv2%2Ftags&post=65973"}],"curies":[{"name":"wp","href":"https:\/\/api.w.org\/{rel}","templated":true}]}}