{"id":65964,"date":"2023-05-10T13:19:44","date_gmt":"2023-05-10T16:19:44","guid":{"rendered":"https:\/\/crarn.org.br\/?p=65964"},"modified":"2023-05-10T13:19:46","modified_gmt":"2023-05-10T16:19:46","slug":"cfa-celebra-o-lancamento-da-frente-parlamentar-de-apoio-aos-conselhos-profissionais","status":"publish","type":"post","link":"https:\/\/crarn.org.br\/?p=65964","title":{"rendered":"CFA celebra o lan\u00e7amento da Frente Parlamentar de Apoio aos Conselhos Profissionais"},"content":{"rendered":"\n<p>O audit\u00f3rio Nereu Ramos, da C\u00e2mara dos Deputados, foi palco do lan\u00e7amento da Frente Parlamentar de Apoio aos Conselhos Profissionais. O evento aconteceu na tarde desta ter\u00e7a-feira, 9, e reuniu representantes das profiss\u00f5es regulamentadas de todo o pa\u00eds, entre eles o vice-presidente do Conselho Federal de Administra\u00e7\u00e3o (CFA), Adm. Gilmar Camargo, que representou o Sistema CFA\/CRAS.<\/p>\n<p>A iniciativa de cria\u00e7\u00e3o da Frente \u00e9 do deputado Rog\u00e9rio Correia (PT-MG). \u201cO objetivo \u00e9 acompanhar e propor projetos de lei relacionados \u00e0 essa tem\u00e1tica no Congresso Nacional, como forma de proteger e fortalecer a atua\u00e7\u00e3o dos conselhos profissionais em todo o pa\u00eds\u201d, disse o parlamentar.<\/p>\n<p>Mais de 200 deputados assinaram o requerimento para a instala\u00e7\u00e3o da Frente. Para conseguir a ades\u00e3o dos parlamentares, a Comiss\u00e3o Especial de Acompanhamento Parlamentar (CEAP) do CFA realizou uma grande mobiliza\u00e7\u00e3o.<\/p>\n<p>A equipe percorreu in\u00fameros gabinetes para sensibilizar os deputados para a import\u00e2ncia da Frente. \u00c9 o caso do vice-presidente do Conselho Regional de Administra\u00e7\u00e3o da Para\u00edba (CRA-PB) e membro da CEAP, Adm. Andr\u00e9 Coelho, que, depois de muita articula\u00e7\u00e3o, conquistou o apoio de todos os parlamentares paraibanos.<\/p>\n<p>\u201cOs 12 deputados federais da Para\u00edba abra\u00e7aram a nossa causa e, prontamente, manifestaram apoio para a reinstala\u00e7\u00e3o da Frente Parlamentar de Apoio aos Conselhos Profissionais\u201d, disse.<\/p>\n<p>Segundo o presidente do Conselho Regional de Administra\u00e7\u00e3o do Par\u00e1 (CRA-PA) e membro da CEAP, Adm. F\u00e1bio L\u00facio, o lan\u00e7amento da Frente \u00e9 a coroa\u00e7\u00e3o de um trabalho que mobilizou n\u00e3o s\u00f3 os profissionais de Administra\u00e7\u00e3o, mas todas as profiss\u00f5es regulamentadas. \u201cEssa Frente \u00e9 fruto da uni\u00e3o e do trabalho incans\u00e1vel dos membros CEAP\/CFA, de todos os Presidentes dos CRAs, dos Conselheiros Federais e Regionais.\u201d, afirmou.<\/p>\n<p>Para o conselheiro federal e coordenador da CEAP\/CFA, Adm. Rui Ribeiro de Ara\u00fajo, a instala\u00e7\u00e3o da Frente Parlamentar de Apoio aos Conselhos Profissionais \u00e9 extremamente importante para o Sistema CFA\/CRAs. \u201cEla ter\u00e1 a miss\u00e3o de refletir sobre o nobre papel dos Conselhos Profissionais na sociedade brasileira e ajudar a impedir que projetos de lei que atacam as profiss\u00f5es regulamentadas possam avan\u00e7ar\u201d, destacou o administrador.<\/p>\n<p>Gilmar Camargo tamb\u00e9m celebrou o lan\u00e7amento da Frente que, segundo ele, ser\u00e1 essencial para ajudar a defender a sociedade dos maus profissionais. \u201cOs conselhos profissionais v\u00eam sofrendo severas amea\u00e7as, sobretudo na pandemia. A PEC 108 \u00e9 um exemplo e a Frente vem para somar esfor\u00e7os a fim de evitar que esses tipos de ataque prevale\u00e7am e preservar a nossa profiss\u00e3o\u201d, disse o vice-presidente do CFA.<\/p>\n<p>Tamb\u00e9m estiveram no lan\u00e7amento da Frente Parlamentar de Apoio aos Conselhos Profissionais: o diretor da CAF\/CFA, Adm. Francisco Costa; o presidente do CRA-CE, Adm. Rog\u00e9rio Cristino; o presidente do CRA-MG; Adm. Jehu Pinto; o diretor da CCM\/CFA, Adm. Mauro Le\u00f4nidas; o vice-presidente do CRA-AL, Adm. Dawison Calheiros; a Conselheira Federal, Adm. Adriana Silva e o Conselheiro Federal, Adm. Emir Alves da Silva.<\/p>\n<p>\u00a0<\/p>\n<p>Ana Graciele Gon\u00e7alves<\/p>\n<p>Assessoria de Comunica\u00e7\u00e3o CFA<\/p>\n<button class=\"simplefavorite-button\" data-postid=\"65964\" data-siteid=\"1\" data-groupid=\"1\" data-favoritecount=\"0\" style=\"\">Favorite <i class=\"sf-icon-star-empty\"><\/i><\/button>","protected":false},"excerpt":{"rendered":"<p>O audit\u00f3rio Nereu Ramos, da C\u00e2mara dos Deputados, foi palco do lan\u00e7amento da Frente Parlamentar de Apoio aos Conselhos Profissionais. O evento aconteceu na tarde desta ter\u00e7a-feira, 9, e reuniu representantes das profiss\u00f5es regulamentadas de todo o pa\u00eds, entre eles o vice-presidente do Conselho Federal de Administra\u00e7\u00e3o (CFA), Adm. Gilmar Camargo, que representou o Sistema<a class=\"read-more\" href=\"https:\/\/crarn.org.br\/?p=65964\"> [&hellip;]<\/a><\/p>\n","protected":false},"author":26,"featured_media":65965,"comment_status":"closed","ping_status":"open","sticky":true,"template":"","format":"standard","meta":{"_price":"","_stock":"","_tribe_ticket_header":"","_tribe_default_ticket_provider":"","_tribe_ticket_capacity":"0","_ticket_start_date":"","_ticket_end_date":"","_tribe_ticket_show_description":"","_tribe_ticket_show_not_going":false,"_tribe_ticket_use_global_stock":"","_tribe_ticket_global_stock_level":"","_global_stock_mode":"","_global_stock_cap":"","_tribe_rsvp_for_event":"","_tribe_ticket_going_count":"","_tribe_ticket_not_going_count":"","_tribe_tickets_list":"[]","_tribe_ticket_has_attendee_info_fields":false,"footnotes":"","_links_to":"","_links_to_target":""},"categories":[549,426,312,320,399,309],"tags":[],"class_list":["post-65964","post","type-post","status-publish","format-standard","has-post-thumbnail","hentry","category-ano-2023","category-cfa","category-destaque-pequeno-inferior","category-home","category-institucional","category-ultimas-noticias","entry","has-media"],"_links":{"self":[{"href":"https:\/\/crarn.org.br\/index.php?rest_route=\/wp\/v2\/posts\/65964","targetHints":{"allow":["GET"]}}],"collection":[{"href":"https:\/\/crarn.org.br\/index.php?rest_route=\/wp\/v2\/posts"}],"about":[{"href":"https:\/\/crarn.org.br\/index.php?rest_route=\/wp\/v2\/types\/post"}],"author":[{"embeddable":true,"href":"https:\/\/crarn.org.br\/index.php?rest_route=\/wp\/v2\/users\/26"}],"replies":[{"embeddable":true,"href":"https:\/\/crarn.org.br\/index.php?rest_route=%2Fwp%2Fv2%2Fcomments&post=65964"}],"version-history":[{"count":1,"href":"https:\/\/crarn.org.br\/index.php?rest_route=\/wp\/v2\/posts\/65964\/revisions"}],"predecessor-version":[{"id":65966,"href":"https:\/\/crarn.org.br\/index.php?rest_route=\/wp\/v2\/posts\/65964\/revisions\/65966"}],"wp:featuredmedia":[{"embeddable":true,"href":"https:\/\/crarn.org.br\/index.php?rest_route=\/wp\/v2\/media\/65965"}],"wp:attachment":[{"href":"https:\/\/crarn.org.br\/index.php?rest_route=%2Fwp%2Fv2%2Fmedia&parent=65964"}],"wp:term":[{"taxonomy":"category","embeddable":true,"href":"https:\/\/crarn.org.br\/index.php?rest_route=%2Fwp%2Fv2%2Fcategories&post=65964"},{"taxonomy":"post_tag","embeddable":true,"href":"https:\/\/crarn.org.br\/index.php?rest_route=%2Fwp%2Fv2%2Ftags&post=65964"}],"curies":[{"name":"wp","href":"https:\/\/api.w.org\/{rel}","templated":true}]}}