{"id":65957,"date":"2023-05-04T13:29:53","date_gmt":"2023-05-04T16:29:53","guid":{"rendered":"https:\/\/crarn.org.br\/?p=65957"},"modified":"2023-05-04T13:29:56","modified_gmt":"2023-05-04T16:29:56","slug":"cra-rn-participa-de-encontro-de-comunicacao-do-sistema-cfa-cras","status":"publish","type":"post","link":"https:\/\/crarn.org.br\/?p=65957","title":{"rendered":"CRA-RN participa de Encontro de Comunica\u00e7\u00e3o do Sistema CFA\/CRAs"},"content":{"rendered":"\n<p>O Conselho Federal de Administra\u00e7\u00e3o sediou o Encontro Nacional das Assessorias de Comunica\u00e7\u00e3o do Sistema CFA\/CRAs \u2013 Enacom 2023, realizado nos dias 02 e 03 de maio, em Bras\u00edlia, em formato h\u00edbrido, com a participa\u00e7\u00e3o de representantes dos regionais de forma presencial e online.<\/p>\n<p>O CRA-RN, sempre atento para a qualifica\u00e7\u00e3o dos seus servidores, participou de forma presencial, representado pela Assessora de Comunica\u00e7\u00e3o Social, a jornalista Marilia Tin\u00f4co.<\/p>\n<p>A abertura do encontro contou com a presen\u00e7a do presidente do CFA, Adm. Leonardo Mac\u00eado e a apresenta\u00e7\u00e3o do Diretor da C\u00e2mara de Comunica\u00e7\u00e3o e Marketing, Adm. Mauro Le\u00f4nidas, sobre as \u2018A\u00e7\u00f5es e perspectivas da nova gest\u00e3o para a comunica\u00e7\u00e3o do bi\u00eanio\u201d.<\/p>\n<p>Durante toda a ter\u00e7a-feira, os participantes conheceram o novo Sistema de Comunica\u00e7\u00e3o, o SICOM 2.0 e discutiram sobre a realidade da comunica\u00e7\u00e3o dos regionais, com apresenta\u00e7\u00e3o de cases e troca de experi\u00eancias; as campanhas nacionais do Sistema; valoriza\u00e7\u00e3o profissional, indicadores e resultados de comunica\u00e7\u00e3o e, divulga\u00e7\u00e3o de eventos.<\/p>\n<p>Dois momentos importantes do encontro foram as palestras do jornalista, rela\u00e7\u00f5es-p\u00fablicas, mestre e doutor em Comunica\u00e7\u00e3o, Jorge Duarte, sobre \u201cM\u00eddias, canais e porta vozes\u201d e do professor, jornalista, mestre em Comunica\u00e7\u00e3o e assessor de comunica\u00e7\u00e3o da Procuradoria Especial da Mulher do Senado, Lunde Braghini J\u00fanior, sobre \u201cO futuro da Comunica\u00e7\u00e3o\u201d.<\/p>\n<p>Na quarta-feira os assessores participaram de uma visita guiada e pr\u00e1ticas nos est\u00fadios de TV e r\u00e1dio do CFA.<\/p>\n<p>Ao final dos dois dias, os participantes trocaram experi\u00eancias, estrat\u00e9gias e alinharam expectativas que servir\u00e3o para construir uma comunica\u00e7\u00e3o mais eficiente em cada um dos regionais representados.<\/p>\n<button class=\"simplefavorite-button\" data-postid=\"65957\" data-siteid=\"1\" data-groupid=\"1\" data-favoritecount=\"0\" style=\"\">Favorite <i class=\"sf-icon-star-empty\"><\/i><\/button>","protected":false},"excerpt":{"rendered":"<p>O Conselho Federal de Administra\u00e7\u00e3o sediou o Encontro Nacional das Assessorias de Comunica\u00e7\u00e3o do Sistema CFA\/CRAs \u2013 Enacom 2023, realizado nos dias 02 e 03 de maio, em Bras\u00edlia, em formato h\u00edbrido, com a participa\u00e7\u00e3o de representantes dos regionais de forma presencial e online. O CRA-RN, sempre atento para a qualifica\u00e7\u00e3o dos seus servidores, participou<a class=\"read-more\" href=\"https:\/\/crarn.org.br\/?p=65957\"> [&hellip;]<\/a><\/p>\n","protected":false},"author":26,"featured_media":65958,"comment_status":"closed","ping_status":"open","sticky":true,"template":"","format":"standard","meta":{"_price":"","_stock":"","_tribe_ticket_header":"","_tribe_default_ticket_provider":"","_tribe_ticket_capacity":"0","_ticket_start_date":"","_ticket_end_date":"","_tribe_ticket_show_description":"","_tribe_ticket_show_not_going":false,"_tribe_ticket_use_global_stock":"","_tribe_ticket_global_stock_level":"","_global_stock_mode":"","_global_stock_cap":"","_tribe_rsvp_for_event":"","_tribe_ticket_going_count":"","_tribe_ticket_not_going_count":"","_tribe_tickets_list":"[]","_tribe_ticket_has_attendee_info_fields":false,"footnotes":"","_links_to":"","_links_to_target":""},"categories":[549,426,312,320,399,309],"tags":[],"class_list":["post-65957","post","type-post","status-publish","format-standard","has-post-thumbnail","hentry","category-ano-2023","category-cfa","category-destaque-pequeno-inferior","category-home","category-institucional","category-ultimas-noticias","entry","has-media"],"_links":{"self":[{"href":"https:\/\/crarn.org.br\/index.php?rest_route=\/wp\/v2\/posts\/65957","targetHints":{"allow":["GET"]}}],"collection":[{"href":"https:\/\/crarn.org.br\/index.php?rest_route=\/wp\/v2\/posts"}],"about":[{"href":"https:\/\/crarn.org.br\/index.php?rest_route=\/wp\/v2\/types\/post"}],"author":[{"embeddable":true,"href":"https:\/\/crarn.org.br\/index.php?rest_route=\/wp\/v2\/users\/26"}],"replies":[{"embeddable":true,"href":"https:\/\/crarn.org.br\/index.php?rest_route=%2Fwp%2Fv2%2Fcomments&post=65957"}],"version-history":[{"count":1,"href":"https:\/\/crarn.org.br\/index.php?rest_route=\/wp\/v2\/posts\/65957\/revisions"}],"predecessor-version":[{"id":65959,"href":"https:\/\/crarn.org.br\/index.php?rest_route=\/wp\/v2\/posts\/65957\/revisions\/65959"}],"wp:featuredmedia":[{"embeddable":true,"href":"https:\/\/crarn.org.br\/index.php?rest_route=\/wp\/v2\/media\/65958"}],"wp:attachment":[{"href":"https:\/\/crarn.org.br\/index.php?rest_route=%2Fwp%2Fv2%2Fmedia&parent=65957"}],"wp:term":[{"taxonomy":"category","embeddable":true,"href":"https:\/\/crarn.org.br\/index.php?rest_route=%2Fwp%2Fv2%2Fcategories&post=65957"},{"taxonomy":"post_tag","embeddable":true,"href":"https:\/\/crarn.org.br\/index.php?rest_route=%2Fwp%2Fv2%2Ftags&post=65957"}],"curies":[{"name":"wp","href":"https:\/\/api.w.org\/{rel}","templated":true}]}}