{"id":65943,"date":"2023-04-26T14:41:44","date_gmt":"2023-04-26T17:41:44","guid":{"rendered":"https:\/\/crarn.org.br\/?p=65943"},"modified":"2023-04-27T13:16:58","modified_gmt":"2023-04-27T16:16:58","slug":"cra-rn-oferece-descontos-para-regularizacao-de-debitos-ate-2022","status":"publish","type":"post","link":"https:\/\/crarn.org.br\/?p=65943","title":{"rendered":"CRA-RN oferece descontos para regulariza\u00e7\u00e3o de d\u00e9bitos at\u00e9 2022"},"content":{"rendered":"\n<p>Profissionais de administra\u00e7\u00e3o e empresas inadimplentes com o CRA-RN podem regularizar as anuidades atrasadas com condi\u00e7\u00f5es especiais e descontos de at\u00e9 90%.<\/p>\n<p>O Conselho Federal de Administra\u00e7\u00e3o colocou em vig\u00eancia a Resolu\u00e7\u00e3o Normativa CFA n\u00ba 626 de 17\u00a0 de abril de 2023, que disp\u00f5e sobre o Programa Especial de Recupera\u00e7\u00e3o de Cr\u00e9ditos.<\/p>\n<p>De acordo com a Resolu\u00e7\u00e3o, os profissionais com d\u00e9bitos at\u00e9 2022 e em dia com a anuidade de 2023 podem regularizar seus d\u00e9bitos com descontos sobre os juros, multas e atualiza\u00e7\u00f5es monet\u00e1rias. A porcentagem do benef\u00edcio varia de acordo com a op\u00e7\u00e3o de pagamento escolhida:<\/p>\n<p>&#8211; Pagamento em parcela \u00fanica: 90% de desconto<\/p>\n<p>&#8211; Pagamento em 02 a 06 parcelas: 70% de desconto<\/p>\n<p>&#8211; Pagamento em 07 a 11 parcelas: 60% de desconto<\/p>\n<p>O valor m\u00ednimo das parcelas deve ser de R$100,00 (cem reais) para pessoas f\u00edsicas e R$300,00 (trezentos reais) para pessoas jur\u00eddicas. A primeira parcela deve ser quitada no ato da ades\u00e3o ao programa.<\/p>\n<p>Para aderir ao Refis, os profissionais devem procurar o CRA-RN atrav\u00e9s do e-mail <a href=\"mailto:financeiro@crarn.org.br\">financeiro@crarn.org.br<\/a> e dos Whats Apps 3234-6672 ou\u00a0 99112-7660.<\/p>\n<p>\u00a0<\/p>\n<p>*Com informa\u00e7\u00f5es do www.cfa.org.br<\/p>\n<button class=\"simplefavorite-button\" data-postid=\"65943\" data-siteid=\"1\" data-groupid=\"1\" data-favoritecount=\"0\" style=\"\">Favorite <i class=\"sf-icon-star-empty\"><\/i><\/button>","protected":false},"excerpt":{"rendered":"<p>Profissionais de administra\u00e7\u00e3o e empresas inadimplentes com o CRA-RN podem regularizar as anuidades atrasadas com condi\u00e7\u00f5es especiais e descontos de at\u00e9 90%. O Conselho Federal de Administra\u00e7\u00e3o colocou em vig\u00eancia a Resolu\u00e7\u00e3o Normativa CFA n\u00ba 626 de 17\u00a0 de abril de 2023, que disp\u00f5e sobre o Programa Especial de Recupera\u00e7\u00e3o de Cr\u00e9ditos. De acordo com<a class=\"read-more\" href=\"https:\/\/crarn.org.br\/?p=65943\"> [&hellip;]<\/a><\/p>\n","protected":false},"author":26,"featured_media":65944,"comment_status":"closed","ping_status":"open","sticky":true,"template":"","format":"standard","meta":{"_price":"","_stock":"","_tribe_ticket_header":"","_tribe_default_ticket_provider":"","_tribe_ticket_capacity":"0","_ticket_start_date":"","_ticket_end_date":"","_tribe_ticket_show_description":"","_tribe_ticket_show_not_going":false,"_tribe_ticket_use_global_stock":"","_tribe_ticket_global_stock_level":"","_global_stock_mode":"","_global_stock_cap":"","_tribe_rsvp_for_event":"","_tribe_ticket_going_count":"","_tribe_ticket_not_going_count":"","_tribe_tickets_list":"[]","_tribe_ticket_has_attendee_info_fields":false,"footnotes":"","_links_to":"","_links_to_target":""},"categories":[549,426,310,399,309],"tags":[],"class_list":["post-65943","post","type-post","status-publish","format-standard","has-post-thumbnail","hentry","category-ano-2023","category-cfa","category-destaque-grande","category-institucional","category-ultimas-noticias","entry","has-media"],"_links":{"self":[{"href":"https:\/\/crarn.org.br\/index.php?rest_route=\/wp\/v2\/posts\/65943","targetHints":{"allow":["GET"]}}],"collection":[{"href":"https:\/\/crarn.org.br\/index.php?rest_route=\/wp\/v2\/posts"}],"about":[{"href":"https:\/\/crarn.org.br\/index.php?rest_route=\/wp\/v2\/types\/post"}],"author":[{"embeddable":true,"href":"https:\/\/crarn.org.br\/index.php?rest_route=\/wp\/v2\/users\/26"}],"replies":[{"embeddable":true,"href":"https:\/\/crarn.org.br\/index.php?rest_route=%2Fwp%2Fv2%2Fcomments&post=65943"}],"version-history":[{"count":1,"href":"https:\/\/crarn.org.br\/index.php?rest_route=\/wp\/v2\/posts\/65943\/revisions"}],"predecessor-version":[{"id":65945,"href":"https:\/\/crarn.org.br\/index.php?rest_route=\/wp\/v2\/posts\/65943\/revisions\/65945"}],"wp:featuredmedia":[{"embeddable":true,"href":"https:\/\/crarn.org.br\/index.php?rest_route=\/wp\/v2\/media\/65944"}],"wp:attachment":[{"href":"https:\/\/crarn.org.br\/index.php?rest_route=%2Fwp%2Fv2%2Fmedia&parent=65943"}],"wp:term":[{"taxonomy":"category","embeddable":true,"href":"https:\/\/crarn.org.br\/index.php?rest_route=%2Fwp%2Fv2%2Fcategories&post=65943"},{"taxonomy":"post_tag","embeddable":true,"href":"https:\/\/crarn.org.br\/index.php?rest_route=%2Fwp%2Fv2%2Ftags&post=65943"}],"curies":[{"name":"wp","href":"https:\/\/api.w.org\/{rel}","templated":true}]}}