{"id":65934,"date":"2023-04-24T16:06:47","date_gmt":"2023-04-24T19:06:47","guid":{"rendered":"https:\/\/crarn.org.br\/?p=65934"},"modified":"2023-04-24T16:06:49","modified_gmt":"2023-04-24T19:06:49","slug":"cra-rn-participa-de-acolhida-a-alunos-de-administracao-da-ufrn","status":"publish","type":"post","link":"https:\/\/crarn.org.br\/?p=65934","title":{"rendered":"CRA-RN participa de acolhida a alunos de Administra\u00e7\u00e3o da UFRN"},"content":{"rendered":"\n<p>O Centro Acad\u00eamico de Administra\u00e7\u00e3o da UFRN est\u00e1 realizando uma acolhida especial para os alunos do curso, nesta segunda e ter\u00e7a-feira e o CRA-RN participa da programa\u00e7\u00e3o de palestras de apresenta\u00e7\u00e3o aos alunos.<\/p>\n<p>Na manh\u00e3 desta segunda-feira (24\/04), a diretora de Forma\u00e7\u00e3o Profissional do regional, Adm. Isabella Mendon\u00e7a, falou aos alunos do Curso de Administra\u00e7\u00e3o, turno matutino, sobre o tema \u201cO que \u00e9 CRA e Programa de Capacita\u00e7\u00e3o\u201d.<\/p>\n<p>A atividade faz parte do projeto de aproxima\u00e7\u00e3o do regional com os estudantes, quando a diretora apresenta o Conselho aos futuros profissionais, fala sobre as a\u00e7\u00f5es desenvolvidas, a import\u00e2ncia do registro profissional, explica o que \u00e9 o programa CRA Jovem e convida os alunos a se cadastrarem.<\/p>\n<p>O momento tamb\u00e9m contou com a presen\u00e7a de membros da Empresa J\u00fanior, ADM Consult.<\/p>\n<button class=\"simplefavorite-button\" data-postid=\"65934\" data-siteid=\"1\" data-groupid=\"1\" data-favoritecount=\"0\" style=\"\">Favorite <i class=\"sf-icon-star-empty\"><\/i><\/button>","protected":false},"excerpt":{"rendered":"<p>O Centro Acad\u00eamico de Administra\u00e7\u00e3o da UFRN est\u00e1 realizando uma acolhida especial para os alunos do curso, nesta segunda e ter\u00e7a-feira e o CRA-RN participa da programa\u00e7\u00e3o de palestras de apresenta\u00e7\u00e3o aos alunos. Na manh\u00e3 desta segunda-feira (24\/04), a diretora de Forma\u00e7\u00e3o Profissional do regional, Adm. Isabella Mendon\u00e7a, falou aos alunos do Curso de Administra\u00e7\u00e3o,<a class=\"read-more\" href=\"https:\/\/crarn.org.br\/?p=65934\"> [&hellip;]<\/a><\/p>\n","protected":false},"author":26,"featured_media":65937,"comment_status":"closed","ping_status":"open","sticky":false,"template":"","format":"standard","meta":{"_price":"","_stock":"","_tribe_ticket_header":"","_tribe_default_ticket_provider":"","_tribe_ticket_capacity":"0","_ticket_start_date":"","_ticket_end_date":"","_tribe_ticket_show_description":"","_tribe_ticket_show_not_going":false,"_tribe_ticket_use_global_stock":"","_tribe_ticket_global_stock_level":"","_global_stock_mode":"","_global_stock_cap":"","_tribe_rsvp_for_event":"","_tribe_ticket_going_count":"","_tribe_ticket_not_going_count":"","_tribe_tickets_list":"[]","_tribe_ticket_has_attendee_info_fields":false,"footnotes":"","_links_to":"","_links_to_target":""},"categories":[549,312,320,399,309],"tags":[],"class_list":["post-65934","post","type-post","status-publish","format-standard","has-post-thumbnail","hentry","category-ano-2023","category-destaque-pequeno-inferior","category-home","category-institucional","category-ultimas-noticias","entry","has-media"],"_links":{"self":[{"href":"https:\/\/crarn.org.br\/index.php?rest_route=\/wp\/v2\/posts\/65934","targetHints":{"allow":["GET"]}}],"collection":[{"href":"https:\/\/crarn.org.br\/index.php?rest_route=\/wp\/v2\/posts"}],"about":[{"href":"https:\/\/crarn.org.br\/index.php?rest_route=\/wp\/v2\/types\/post"}],"author":[{"embeddable":true,"href":"https:\/\/crarn.org.br\/index.php?rest_route=\/wp\/v2\/users\/26"}],"replies":[{"embeddable":true,"href":"https:\/\/crarn.org.br\/index.php?rest_route=%2Fwp%2Fv2%2Fcomments&post=65934"}],"version-history":[{"count":1,"href":"https:\/\/crarn.org.br\/index.php?rest_route=\/wp\/v2\/posts\/65934\/revisions"}],"predecessor-version":[{"id":65936,"href":"https:\/\/crarn.org.br\/index.php?rest_route=\/wp\/v2\/posts\/65934\/revisions\/65936"}],"wp:featuredmedia":[{"embeddable":true,"href":"https:\/\/crarn.org.br\/index.php?rest_route=\/wp\/v2\/media\/65937"}],"wp:attachment":[{"href":"https:\/\/crarn.org.br\/index.php?rest_route=%2Fwp%2Fv2%2Fmedia&parent=65934"}],"wp:term":[{"taxonomy":"category","embeddable":true,"href":"https:\/\/crarn.org.br\/index.php?rest_route=%2Fwp%2Fv2%2Fcategories&post=65934"},{"taxonomy":"post_tag","embeddable":true,"href":"https:\/\/crarn.org.br\/index.php?rest_route=%2Fwp%2Fv2%2Ftags&post=65934"}],"curies":[{"name":"wp","href":"https:\/\/api.w.org\/{rel}","templated":true}]}}