{"id":65917,"date":"2023-04-20T16:25:13","date_gmt":"2023-04-20T19:25:13","guid":{"rendered":"https:\/\/crarn.org.br\/?p=65917"},"modified":"2023-04-20T16:25:16","modified_gmt":"2023-04-20T19:25:16","slug":"parceria-do-cfa-com-o-mte-vai-intensificar-a-fiscalizacao-profissional","status":"publish","type":"post","link":"https:\/\/crarn.org.br\/?p=65917","title":{"rendered":"Parceria do CFA com o MTE vai intensificar a fiscaliza\u00e7\u00e3o profissional"},"content":{"rendered":"\n<p>O Conselho Federal de Administra\u00e7\u00e3o acaba de celebrar Acordo de Coopera\u00e7\u00e3o T\u00e9cnica com o Minist\u00e9rio do Trabalho e Emprego (MTE). A parceria foi oficializada hoje, 20, em reuni\u00e3o que ocorreu na sede do \u00f3rg\u00e3o executivo, em Bras\u00edlia.<\/p>\n<p>Por meio do acordo, o CFA passar\u00e1 a ter acesso \u00e0s informa\u00e7\u00f5es da Rela\u00e7\u00e3o Anual de Informa\u00e7\u00f5es Sociais (RAIS) e do Cadastro Geral de Empregados e Desempregados (Caged), que s\u00e3o disponibilizadas pelo MTE. A equipe da autarquia foi recebida pelo ministro do Trabalho e Emprego, Luiz Marinho, e pelo secret\u00e1rio executivo da pasta, Francisco Macena da Silva, que \u00e9 administrador e foi escolhido por Marinho para ser seu vice-ministro.<\/p>\n<p>Para o presidente do CFA, Adm. Leonardo Macedo, a celebra\u00e7\u00e3o do acordo \u00e9 uma das conquistas mais importantes da atual gest\u00e3o da autarquia, pois foca na fiscaliza\u00e7\u00e3o, que \u00e9 a principal \u00e1rea fim dos conselhos profissionais. Por meio dela, o Sistema CFA\/CRAs ter\u00e1 acesso \u00e0s informa\u00e7\u00f5es de todos os profissionais que est\u00e3o trabalhando em um cargo cuja Classifica\u00e7\u00e3o Brasileira de Ocupa\u00e7\u00f5es (CBO) \u00e9 da \u00e1rea da Administra\u00e7\u00e3o.<\/p>\n<p>\u201cEssa parceria vai intensificar a fiscaliza\u00e7\u00e3o. A nossa diretoria entende que, fiscalizando, voc\u00ea est\u00e1 garantindo as prerrogativas dos nossos profissionais de Administra\u00e7\u00e3o, abrindo postos de trabalho e isso fomenta a academia, que ficar\u00e1 mais interessada em formar novos profissionais\u201d, explicou.<\/p>\n<p>Leonardo disse, ainda, que o acordo com o MTE aquece todo o Sistema CFA\/CRAs. \u201cTendo trabalho, vai precisar de profissionais e novos profissionais vir\u00e3o. Assim, n\u00f3s estamos garantindo o futuro da nossa profiss\u00e3o. S\u00e3o com essas a\u00e7\u00f5es de fiscaliza\u00e7\u00e3o que n\u00f3s vamos conseguir valorizar os nossos profissionais. Grato estou ao ministro Marinho e a toda a sua equipe\u201d, agradeceu Leonardo.<\/p>\n<p>A parceria \u00e9 resultado\u00a0 do incans\u00e1vel trabalho da C\u00e2mara de Fiscaliza\u00e7\u00e3o e Registro (CFR) do CFA que, sob o comando do diretor da CFR, do Adm. S\u00e9rgio Jos\u00e9 Rauber, e a coordena\u00e7\u00e3o do Adm. Filipe Coelho, promoveu um di\u00e1logo frutuoso com o MTE. A partir de agora, eles v\u00e3o trabalhar para tra\u00e7ar objetivos e metas a fim de prover uma fiscaliza\u00e7\u00e3o ainda mais atuante em todo o Sistema CFA\/CRAs.<\/p>\n<p>Al\u00e9m do presidente Leonardo e do ministro do Trabalho e Emprego, Luiz Marinho, a reuni\u00e3o contou com a presen\u00e7a do diretor de Gest\u00e3o P\u00fablica do CFA, Adm. Rui Ribeiro; da assessora do CRA-CE, Adm. Jana\u00edna Fernandes de Oliveira; do secret\u00e1rio executivo e vice-ministro do MTE, Adm. Francisco Macena da Silva; do coordenador da CFR\/CFA, Adm. Filipe Coelho e do coordenador da CGP\/CFA, Adm. C\u00e1ssio Matos;<\/p>\n<p>\u00a0<\/p>\n<p>Ana Graciele Gon\u00e7alves<\/p>\n<p>Assessoria de Comunica\u00e7\u00e3o CFA<\/p>\n<button class=\"simplefavorite-button\" data-postid=\"65917\" data-siteid=\"1\" data-groupid=\"1\" data-favoritecount=\"0\" style=\"\">Favorite <i class=\"sf-icon-star-empty\"><\/i><\/button>","protected":false},"excerpt":{"rendered":"<p>O Conselho Federal de Administra\u00e7\u00e3o acaba de celebrar Acordo de Coopera\u00e7\u00e3o T\u00e9cnica com o Minist\u00e9rio do Trabalho e Emprego (MTE). A parceria foi oficializada hoje, 20, em reuni\u00e3o que ocorreu na sede do \u00f3rg\u00e3o executivo, em Bras\u00edlia. Por meio do acordo, o CFA passar\u00e1 a ter acesso \u00e0s informa\u00e7\u00f5es da Rela\u00e7\u00e3o Anual de Informa\u00e7\u00f5es Sociais<a class=\"read-more\" href=\"https:\/\/crarn.org.br\/?p=65917\"> [&hellip;]<\/a><\/p>\n","protected":false},"author":26,"featured_media":65918,"comment_status":"closed","ping_status":"open","sticky":true,"template":"","format":"standard","meta":{"_price":"","_stock":"","_tribe_ticket_header":"","_tribe_default_ticket_provider":"","_tribe_ticket_capacity":"0","_ticket_start_date":"","_ticket_end_date":"","_tribe_ticket_show_description":"","_tribe_ticket_show_not_going":false,"_tribe_ticket_use_global_stock":"","_tribe_ticket_global_stock_level":"","_global_stock_mode":"","_global_stock_cap":"","_tribe_rsvp_for_event":"","_tribe_ticket_going_count":"","_tribe_ticket_not_going_count":"","_tribe_tickets_list":"[]","_tribe_ticket_has_attendee_info_fields":false,"footnotes":"","_links_to":"","_links_to_target":""},"categories":[549,426,310,320,399,309],"tags":[],"class_list":["post-65917","post","type-post","status-publish","format-standard","has-post-thumbnail","hentry","category-ano-2023","category-cfa","category-destaque-grande","category-home","category-institucional","category-ultimas-noticias","entry","has-media"],"_links":{"self":[{"href":"https:\/\/crarn.org.br\/index.php?rest_route=\/wp\/v2\/posts\/65917","targetHints":{"allow":["GET"]}}],"collection":[{"href":"https:\/\/crarn.org.br\/index.php?rest_route=\/wp\/v2\/posts"}],"about":[{"href":"https:\/\/crarn.org.br\/index.php?rest_route=\/wp\/v2\/types\/post"}],"author":[{"embeddable":true,"href":"https:\/\/crarn.org.br\/index.php?rest_route=\/wp\/v2\/users\/26"}],"replies":[{"embeddable":true,"href":"https:\/\/crarn.org.br\/index.php?rest_route=%2Fwp%2Fv2%2Fcomments&post=65917"}],"version-history":[{"count":1,"href":"https:\/\/crarn.org.br\/index.php?rest_route=\/wp\/v2\/posts\/65917\/revisions"}],"predecessor-version":[{"id":65919,"href":"https:\/\/crarn.org.br\/index.php?rest_route=\/wp\/v2\/posts\/65917\/revisions\/65919"}],"wp:featuredmedia":[{"embeddable":true,"href":"https:\/\/crarn.org.br\/index.php?rest_route=\/wp\/v2\/media\/65918"}],"wp:attachment":[{"href":"https:\/\/crarn.org.br\/index.php?rest_route=%2Fwp%2Fv2%2Fmedia&parent=65917"}],"wp:term":[{"taxonomy":"category","embeddable":true,"href":"https:\/\/crarn.org.br\/index.php?rest_route=%2Fwp%2Fv2%2Fcategories&post=65917"},{"taxonomy":"post_tag","embeddable":true,"href":"https:\/\/crarn.org.br\/index.php?rest_route=%2Fwp%2Fv2%2Ftags&post=65917"}],"curies":[{"name":"wp","href":"https:\/\/api.w.org\/{rel}","templated":true}]}}