{"id":65914,"date":"2023-04-19T12:17:33","date_gmt":"2023-04-19T15:17:33","guid":{"rendered":"https:\/\/crarn.org.br\/?p=65914"},"modified":"2023-04-19T12:17:35","modified_gmt":"2023-04-19T15:17:35","slug":"plenario-define-rumos-do-cra-rn","status":"publish","type":"post","link":"https:\/\/crarn.org.br\/?p=65914","title":{"rendered":"Plen\u00e1rio define rumos do CRA-RN"},"content":{"rendered":"\n<p>O plen\u00e1rio do CRA-RN se reuniu na manh\u00e3 desta quarta-feira (19\/04), para a assembleia mensal que re\u00fane os conselheiros do regional.<\/p>\n<p>Participaram da reuni\u00e3o, o presidente, Adm. Fl\u00e1vio Em\u00edlio Cavalcanti; o vice-presidente, Adm. Cl\u00e1udio Menezes; diretora de Fiscaliza\u00e7\u00e3o e Registro, Adm. Kate Maciel; diretora Administrativo Financeira, Adm. C\u00e9lia Ribeiro e a diretora de Forma\u00e7\u00e3o Profissional, Adm. Isabella Mendon\u00e7a, al\u00e9m dos conselheiros Adm. Di\u00eago Dantas, Adm. Rodrigo Fortunato, Adm. Val\u00e9ria Pereira de Ara\u00fajo, Adm. Jos\u00e9 Allyson Ara\u00fajo e a conselheira suplente Adm. Maria das Neves Maia.<\/p>\n<p>Durante a plen\u00e1ria, foram apresentadas as presta\u00e7\u00f5es de contas e a\u00e7\u00f5es realizadas nos \u00faltimos trinta dias, como tamb\u00e9m, as pr\u00f3ximas atividades a serem desenvolvidas pelo regional.<\/p>\n<p>Entre os assuntos da pauta est\u00e3o a substitui\u00e7\u00e3o do conselheiro Adm. Acimir Miranda, falecido recentemente, pela sua suplente, Maria Val\u00e9ria Pereira de Ara\u00fajo; a designa\u00e7\u00e3o das Comiss\u00f5es de \u00c9tica e Disciplina; participa\u00e7\u00e3o do presidente no 2\u00ba F\u00f3rum de Presidentes 2023 e visita ao curso de Administra\u00e7\u00e3o da UFERSA, em Mossor\u00f3; fiscaliza\u00e7\u00e3o de editais de concursos; projeto Rede de Fiscaliza\u00e7\u00e3o; PRODER; Desenvolve ADM; Cronograma Capacita ADM; Workshop LGPD e ainda, os informes da parte financeira como receita x despesa, balancetes, \u00a0Reformula\u00e7\u00e3o Or\u00e7ament\u00e1ria do Exerc\u00edcio 2023 e demais delibera\u00e7\u00f5es.<\/p>\n<p>\u00a0<\/p>\n<p>\u00a0<\/p>\n<p>\u00a0<\/p>\n<button class=\"simplefavorite-button\" data-postid=\"65914\" data-siteid=\"1\" data-groupid=\"1\" data-favoritecount=\"0\" style=\"\">Favorite <i class=\"sf-icon-star-empty\"><\/i><\/button>","protected":false},"excerpt":{"rendered":"<p>O plen\u00e1rio do CRA-RN se reuniu na manh\u00e3 desta quarta-feira (19\/04), para a assembleia mensal que re\u00fane os conselheiros do regional. Participaram da reuni\u00e3o, o presidente, Adm. Fl\u00e1vio Em\u00edlio Cavalcanti; o vice-presidente, Adm. Cl\u00e1udio Menezes; diretora de Fiscaliza\u00e7\u00e3o e Registro, Adm. Kate Maciel; diretora Administrativo Financeira, Adm. C\u00e9lia Ribeiro e a diretora de Forma\u00e7\u00e3o Profissional,<a class=\"read-more\" href=\"https:\/\/crarn.org.br\/?p=65914\"> [&hellip;]<\/a><\/p>\n","protected":false},"author":26,"featured_media":65915,"comment_status":"closed","ping_status":"open","sticky":true,"template":"","format":"standard","meta":{"_price":"","_stock":"","_tribe_ticket_header":"","_tribe_default_ticket_provider":"","_tribe_ticket_capacity":"0","_ticket_start_date":"","_ticket_end_date":"","_tribe_ticket_show_description":"","_tribe_ticket_show_not_going":false,"_tribe_ticket_use_global_stock":"","_tribe_ticket_global_stock_level":"","_global_stock_mode":"","_global_stock_cap":"","_tribe_rsvp_for_event":"","_tribe_ticket_going_count":"","_tribe_ticket_not_going_count":"","_tribe_tickets_list":"[]","_tribe_ticket_has_attendee_info_fields":false,"footnotes":"","_links_to":"","_links_to_target":""},"categories":[549,311,320,309],"tags":[],"class_list":["post-65914","post","type-post","status-publish","format-standard","has-post-thumbnail","hentry","category-ano-2023","category-destaque-pequeno-superior","category-home","category-ultimas-noticias","entry","has-media"],"_links":{"self":[{"href":"https:\/\/crarn.org.br\/index.php?rest_route=\/wp\/v2\/posts\/65914","targetHints":{"allow":["GET"]}}],"collection":[{"href":"https:\/\/crarn.org.br\/index.php?rest_route=\/wp\/v2\/posts"}],"about":[{"href":"https:\/\/crarn.org.br\/index.php?rest_route=\/wp\/v2\/types\/post"}],"author":[{"embeddable":true,"href":"https:\/\/crarn.org.br\/index.php?rest_route=\/wp\/v2\/users\/26"}],"replies":[{"embeddable":true,"href":"https:\/\/crarn.org.br\/index.php?rest_route=%2Fwp%2Fv2%2Fcomments&post=65914"}],"version-history":[{"count":1,"href":"https:\/\/crarn.org.br\/index.php?rest_route=\/wp\/v2\/posts\/65914\/revisions"}],"predecessor-version":[{"id":65916,"href":"https:\/\/crarn.org.br\/index.php?rest_route=\/wp\/v2\/posts\/65914\/revisions\/65916"}],"wp:featuredmedia":[{"embeddable":true,"href":"https:\/\/crarn.org.br\/index.php?rest_route=\/wp\/v2\/media\/65915"}],"wp:attachment":[{"href":"https:\/\/crarn.org.br\/index.php?rest_route=%2Fwp%2Fv2%2Fmedia&parent=65914"}],"wp:term":[{"taxonomy":"category","embeddable":true,"href":"https:\/\/crarn.org.br\/index.php?rest_route=%2Fwp%2Fv2%2Fcategories&post=65914"},{"taxonomy":"post_tag","embeddable":true,"href":"https:\/\/crarn.org.br\/index.php?rest_route=%2Fwp%2Fv2%2Ftags&post=65914"}],"curies":[{"name":"wp","href":"https:\/\/api.w.org\/{rel}","templated":true}]}}