{"id":65909,"date":"2023-04-18T15:30:50","date_gmt":"2023-04-18T18:30:50","guid":{"rendered":"https:\/\/crarn.org.br\/?p=65909"},"modified":"2023-04-18T15:30:53","modified_gmt":"2023-04-18T18:30:53","slug":"cra-rn-recebe-turma-de-administracao-da-fcst","status":"publish","type":"post","link":"https:\/\/crarn.org.br\/?p=65909","title":{"rendered":"CRA-RN recebe turma de Administra\u00e7\u00e3o da FCST"},"content":{"rendered":"\n<p>Na manh\u00e3 desta ter\u00e7a-feira (18\/04), o CRA-RN recebeu uma turma do primeiro per\u00edodo do curso de Administra\u00e7\u00e3o da Faculdade Cat\u00f3lica Santa Teresinha para uma visita t\u00e9cnica \u00e0 sede do regional.<\/p>\n<p>Os alunos, acompanhados pelo professor, Adm. Pablo Phorlan, foram recebidos pela coordenadora de Fiscaliza\u00e7\u00e3o, Adm. Tatiana Costa Pinto, que abordou a import\u00e2ncia do Conselho, as a\u00e7\u00f5es da Fiscaliza\u00e7\u00e3o, a ampla atua\u00e7\u00e3o no mercado de trabalho e a import\u00e2ncia do registro para o exerc\u00edcio legal da profiss\u00e3o.<\/p>\n<p>Ao t\u00e9rmino da visita, os futuros profissionais levaram na bagagem mais conhecimentos e uma nova vis\u00e3o sobre o exerc\u00edcio da Administra\u00e7\u00e3o, sua inser\u00e7\u00e3o no mercado de trabalho e a atua\u00e7\u00e3o do CRA-RN.<\/p>\n<p>Para o aluno Genilson Fagundes Alves foi um momento \u00edmpar. \u201cForam muitas novidades e \u00e9 muito bom sabermos que temos o suporte de um Conselho que est\u00e1 disposto a nos defender contra a atua\u00e7\u00e3o de pessoas n\u00e3o qualificadas na profiss\u00e3o. \u00c9 muito gratificante, fico feliz e lisonjeado em fazer parte desta turma\u201d, ressaltou.<\/p>\n<p>Edna Ara\u00fajo Silva, uma das alunas visitantes, lembrou que as informa\u00e7\u00f5es que eles tinham a respeito do conselho eram muito superficiais. \u201cN\u00f3s recebemos informa\u00e7\u00f5es que antes n\u00e3o t\u00ednhamos com tanta profundidade e v\u00e3o ser muito importantes, tanto no decorrer do curso, como para a nossa vida profissional\u201d, reconheceu.<\/p>\n<button class=\"simplefavorite-button\" data-postid=\"65909\" data-siteid=\"1\" data-groupid=\"1\" data-favoritecount=\"0\" style=\"\">Favorite <i class=\"sf-icon-star-empty\"><\/i><\/button>","protected":false},"excerpt":{"rendered":"<p>Na manh\u00e3 desta ter\u00e7a-feira (18\/04), o CRA-RN recebeu uma turma do primeiro per\u00edodo do curso de Administra\u00e7\u00e3o da Faculdade Cat\u00f3lica Santa Teresinha para uma visita t\u00e9cnica \u00e0 sede do regional. Os alunos, acompanhados pelo professor, Adm. Pablo Phorlan, foram recebidos pela coordenadora de Fiscaliza\u00e7\u00e3o, Adm. Tatiana Costa Pinto, que abordou a import\u00e2ncia do Conselho, as<a class=\"read-more\" href=\"https:\/\/crarn.org.br\/?p=65909\"> [&hellip;]<\/a><\/p>\n","protected":false},"author":26,"featured_media":65910,"comment_status":"closed","ping_status":"open","sticky":true,"template":"","format":"standard","meta":{"_price":"","_stock":"","_tribe_ticket_header":"","_tribe_default_ticket_provider":"","_tribe_ticket_capacity":"0","_ticket_start_date":"","_ticket_end_date":"","_tribe_ticket_show_description":"","_tribe_ticket_show_not_going":false,"_tribe_ticket_use_global_stock":"","_tribe_ticket_global_stock_level":"","_global_stock_mode":"","_global_stock_cap":"","_tribe_rsvp_for_event":"","_tribe_ticket_going_count":"","_tribe_ticket_not_going_count":"","_tribe_tickets_list":"[]","_tribe_ticket_has_attendee_info_fields":false,"footnotes":"","_links_to":"","_links_to_target":""},"categories":[549,310,320,399,309],"tags":[],"class_list":["post-65909","post","type-post","status-publish","format-standard","has-post-thumbnail","hentry","category-ano-2023","category-destaque-grande","category-home","category-institucional","category-ultimas-noticias","entry","has-media"],"_links":{"self":[{"href":"https:\/\/crarn.org.br\/index.php?rest_route=\/wp\/v2\/posts\/65909","targetHints":{"allow":["GET"]}}],"collection":[{"href":"https:\/\/crarn.org.br\/index.php?rest_route=\/wp\/v2\/posts"}],"about":[{"href":"https:\/\/crarn.org.br\/index.php?rest_route=\/wp\/v2\/types\/post"}],"author":[{"embeddable":true,"href":"https:\/\/crarn.org.br\/index.php?rest_route=\/wp\/v2\/users\/26"}],"replies":[{"embeddable":true,"href":"https:\/\/crarn.org.br\/index.php?rest_route=%2Fwp%2Fv2%2Fcomments&post=65909"}],"version-history":[{"count":2,"href":"https:\/\/crarn.org.br\/index.php?rest_route=\/wp\/v2\/posts\/65909\/revisions"}],"predecessor-version":[{"id":65912,"href":"https:\/\/crarn.org.br\/index.php?rest_route=\/wp\/v2\/posts\/65909\/revisions\/65912"}],"wp:featuredmedia":[{"embeddable":true,"href":"https:\/\/crarn.org.br\/index.php?rest_route=\/wp\/v2\/media\/65910"}],"wp:attachment":[{"href":"https:\/\/crarn.org.br\/index.php?rest_route=%2Fwp%2Fv2%2Fmedia&parent=65909"}],"wp:term":[{"taxonomy":"category","embeddable":true,"href":"https:\/\/crarn.org.br\/index.php?rest_route=%2Fwp%2Fv2%2Fcategories&post=65909"},{"taxonomy":"post_tag","embeddable":true,"href":"https:\/\/crarn.org.br\/index.php?rest_route=%2Fwp%2Fv2%2Ftags&post=65909"}],"curies":[{"name":"wp","href":"https:\/\/api.w.org\/{rel}","templated":true}]}}