{"id":65904,"date":"2023-04-18T12:45:12","date_gmt":"2023-04-18T15:45:12","guid":{"rendered":"https:\/\/crarn.org.br\/?p=65904"},"modified":"2023-04-18T12:45:14","modified_gmt":"2023-04-18T15:45:14","slug":"cra-rn-em-acao-na-ufersa","status":"publish","type":"post","link":"https:\/\/crarn.org.br\/?p=65904","title":{"rendered":"CRA-RN em a\u00e7\u00e3o na UFERSA"},"content":{"rendered":"\n<p>Na noite desta sexta-feira (14\/04), ao retornar do F\u00f3rum de Presidentes do Sistema CFA\/CRAs, em Fortaleza, o presidente do CRA-RN, Adm. Fl\u00e1vio Em\u00edlio Cavalcanti, participou de uma a\u00e7\u00e3o do regional em Mossor\u00f3.<\/p>\n\n\n\n<p>Na cidade, Fl\u00e1vio visitou cinco turmas do Curso de Administra\u00e7\u00e3o da UFERSA. Acompanhado pela vice coordenadora do curso, professora Ana L\u00facia Brenner, em cada sala, teve oportunidade de falar aos alunos sobre o Conselho, a import\u00e2ncia do Registro Profissional, o trabalho da fiscaliza\u00e7\u00e3o, o CRA Jovem, etc.<\/p>\n\n\n\n<p>A visita faz parte do projeto que visa levar informa\u00e7\u00f5es sobre o CRA-RN aos alunos, de forma a aproxim\u00e1-los do regional e conhecerem a import\u00e2ncia do exerc\u00edcio legal da profiss\u00e3o.<\/p>\n<button class=\"simplefavorite-button\" data-postid=\"65904\" data-siteid=\"1\" data-groupid=\"1\" data-favoritecount=\"0\" style=\"\">Favorite <i class=\"sf-icon-star-empty\"><\/i><\/button>","protected":false},"excerpt":{"rendered":"<p>Na noite desta sexta-feira (14\/04), ao retornar do F\u00f3rum de Presidentes do Sistema CFA\/CRAs, em Fortaleza, o presidente do CRA-RN, Adm. Fl\u00e1vio Em\u00edlio Cavalcanti, participou de uma a\u00e7\u00e3o do regional em Mossor\u00f3. Na cidade, Fl\u00e1vio visitou cinco turmas do Curso de Administra\u00e7\u00e3o da UFERSA. Acompanhado pela vice coordenadora do curso, professora Ana L\u00facia Brenner, em<a class=\"read-more\" href=\"https:\/\/crarn.org.br\/?p=65904\"> [&hellip;]<\/a><\/p>\n","protected":false},"author":26,"featured_media":65905,"comment_status":"closed","ping_status":"open","sticky":true,"template":"","format":"standard","meta":{"_price":"","_stock":"","_tribe_ticket_header":"","_tribe_default_ticket_provider":"","_tribe_ticket_capacity":"0","_ticket_start_date":"","_ticket_end_date":"","_tribe_ticket_show_description":"","_tribe_ticket_show_not_going":false,"_tribe_ticket_use_global_stock":"","_tribe_ticket_global_stock_level":"","_global_stock_mode":"","_global_stock_cap":"","_tribe_rsvp_for_event":"","_tribe_ticket_going_count":"","_tribe_ticket_not_going_count":"","_tribe_tickets_list":"[]","_tribe_ticket_has_attendee_info_fields":false,"footnotes":"","_links_to":"","_links_to_target":""},"categories":[549,310,320,399,309],"tags":[],"class_list":["post-65904","post","type-post","status-publish","format-standard","has-post-thumbnail","hentry","category-ano-2023","category-destaque-grande","category-home","category-institucional","category-ultimas-noticias","entry","has-media"],"_links":{"self":[{"href":"https:\/\/crarn.org.br\/index.php?rest_route=\/wp\/v2\/posts\/65904","targetHints":{"allow":["GET"]}}],"collection":[{"href":"https:\/\/crarn.org.br\/index.php?rest_route=\/wp\/v2\/posts"}],"about":[{"href":"https:\/\/crarn.org.br\/index.php?rest_route=\/wp\/v2\/types\/post"}],"author":[{"embeddable":true,"href":"https:\/\/crarn.org.br\/index.php?rest_route=\/wp\/v2\/users\/26"}],"replies":[{"embeddable":true,"href":"https:\/\/crarn.org.br\/index.php?rest_route=%2Fwp%2Fv2%2Fcomments&post=65904"}],"version-history":[{"count":1,"href":"https:\/\/crarn.org.br\/index.php?rest_route=\/wp\/v2\/posts\/65904\/revisions"}],"predecessor-version":[{"id":65906,"href":"https:\/\/crarn.org.br\/index.php?rest_route=\/wp\/v2\/posts\/65904\/revisions\/65906"}],"wp:featuredmedia":[{"embeddable":true,"href":"https:\/\/crarn.org.br\/index.php?rest_route=\/wp\/v2\/media\/65905"}],"wp:attachment":[{"href":"https:\/\/crarn.org.br\/index.php?rest_route=%2Fwp%2Fv2%2Fmedia&parent=65904"}],"wp:term":[{"taxonomy":"category","embeddable":true,"href":"https:\/\/crarn.org.br\/index.php?rest_route=%2Fwp%2Fv2%2Fcategories&post=65904"},{"taxonomy":"post_tag","embeddable":true,"href":"https:\/\/crarn.org.br\/index.php?rest_route=%2Fwp%2Fv2%2Ftags&post=65904"}],"curies":[{"name":"wp","href":"https:\/\/api.w.org\/{rel}","templated":true}]}}