{"id":65901,"date":"2023-04-14T14:44:35","date_gmt":"2023-04-14T17:44:35","guid":{"rendered":"https:\/\/crarn.org.br\/?p=65901"},"modified":"2023-04-14T14:44:37","modified_gmt":"2023-04-14T17:44:37","slug":"cra-rn-solicita-revisao-de-editais-de-concursos-publicos","status":"publish","type":"post","link":"https:\/\/crarn.org.br\/?p=65901","title":{"rendered":"CRA-RN solicita revis\u00e3o de editais de concursos p\u00fablicos"},"content":{"rendered":"\n<p>Dando prosseguimento \u00e0 rotina de an\u00e1lises de editais de concurso p\u00fablicos e atendendo a den\u00fancias atrav\u00e9s do Al\u00f4 Fiscal, a \u00e1rea de Fiscaliza\u00e7\u00e3o do CRA-RN, entrou com o pedido de impugna\u00e7\u00e3o, com revis\u00e3o dos editais dos concursos da C\u00e2mara Municipal de Natal e da Prefeitura Municipal de Pau dos Ferros.<\/p>\n<p>Ambos, os Editais, abrem oportunidades para os profissionais de Administra\u00e7\u00e3o, para os quais precisam ser observadas as habilita\u00e7\u00f5es de forma\u00e7\u00e3o acad\u00eamica e o registro no CRA-RN, conforme prev\u00ea a Lei \u00ba 4.769\/65 e demais resolu\u00e7\u00f5es complementares.<\/p>\n<p>Vale ressaltar que a \u00e1rea de gest\u00e3o p\u00fablica \u00e9 conexa \u00e0 \u00e1rea da Administra\u00e7\u00e3o, cabendo apenas aos profissionais habilitados, a oportunidade de participar do processo seletivo.<\/p>\n<p>O CRA-RN aguarda a manifesta\u00e7\u00e3o oficial das organizadoras do concurso e ficar\u00e1 no monitoramento do cumprimento do que determina a legisla\u00e7\u00e3o que cria e regulamenta a profiss\u00e3o.<\/p>\n<button class=\"simplefavorite-button\" data-postid=\"65901\" data-siteid=\"1\" data-groupid=\"1\" data-favoritecount=\"1\" style=\"\">Favorite <i class=\"sf-icon-star-empty\"><\/i><\/button>","protected":false},"excerpt":{"rendered":"<p>Dando prosseguimento \u00e0 rotina de an\u00e1lises de editais de concurso p\u00fablicos e atendendo a den\u00fancias atrav\u00e9s do Al\u00f4 Fiscal, a \u00e1rea de Fiscaliza\u00e7\u00e3o do CRA-RN, entrou com o pedido de impugna\u00e7\u00e3o, com revis\u00e3o dos editais dos concursos da C\u00e2mara Municipal de Natal e da Prefeitura Municipal de Pau dos Ferros. Ambos, os Editais, abrem oportunidades<a class=\"read-more\" href=\"https:\/\/crarn.org.br\/?p=65901\"> [&hellip;]<\/a><\/p>\n","protected":false},"author":26,"featured_media":65902,"comment_status":"closed","ping_status":"open","sticky":true,"template":"","format":"standard","meta":{"_price":"","_stock":"","_tribe_ticket_header":"","_tribe_default_ticket_provider":"","_tribe_ticket_capacity":"0","_ticket_start_date":"","_ticket_end_date":"","_tribe_ticket_show_description":"","_tribe_ticket_show_not_going":false,"_tribe_ticket_use_global_stock":"","_tribe_ticket_global_stock_level":"","_global_stock_mode":"","_global_stock_cap":"","_tribe_rsvp_for_event":"","_tribe_ticket_going_count":"","_tribe_ticket_not_going_count":"","_tribe_tickets_list":"[]","_tribe_ticket_has_attendee_info_fields":false,"footnotes":"","_links_to":"","_links_to_target":""},"categories":[549,312,320,399,309],"tags":[],"class_list":["post-65901","post","type-post","status-publish","format-standard","has-post-thumbnail","hentry","category-ano-2023","category-destaque-pequeno-inferior","category-home","category-institucional","category-ultimas-noticias","entry","has-media"],"_links":{"self":[{"href":"https:\/\/crarn.org.br\/index.php?rest_route=\/wp\/v2\/posts\/65901","targetHints":{"allow":["GET"]}}],"collection":[{"href":"https:\/\/crarn.org.br\/index.php?rest_route=\/wp\/v2\/posts"}],"about":[{"href":"https:\/\/crarn.org.br\/index.php?rest_route=\/wp\/v2\/types\/post"}],"author":[{"embeddable":true,"href":"https:\/\/crarn.org.br\/index.php?rest_route=\/wp\/v2\/users\/26"}],"replies":[{"embeddable":true,"href":"https:\/\/crarn.org.br\/index.php?rest_route=%2Fwp%2Fv2%2Fcomments&post=65901"}],"version-history":[{"count":1,"href":"https:\/\/crarn.org.br\/index.php?rest_route=\/wp\/v2\/posts\/65901\/revisions"}],"predecessor-version":[{"id":65903,"href":"https:\/\/crarn.org.br\/index.php?rest_route=\/wp\/v2\/posts\/65901\/revisions\/65903"}],"wp:featuredmedia":[{"embeddable":true,"href":"https:\/\/crarn.org.br\/index.php?rest_route=\/wp\/v2\/media\/65902"}],"wp:attachment":[{"href":"https:\/\/crarn.org.br\/index.php?rest_route=%2Fwp%2Fv2%2Fmedia&parent=65901"}],"wp:term":[{"taxonomy":"category","embeddable":true,"href":"https:\/\/crarn.org.br\/index.php?rest_route=%2Fwp%2Fv2%2Fcategories&post=65901"},{"taxonomy":"post_tag","embeddable":true,"href":"https:\/\/crarn.org.br\/index.php?rest_route=%2Fwp%2Fv2%2Ftags&post=65901"}],"curies":[{"name":"wp","href":"https:\/\/api.w.org\/{rel}","templated":true}]}}