{"id":65871,"date":"2023-04-13T16:52:40","date_gmt":"2023-04-13T19:52:40","guid":{"rendered":"https:\/\/crarn.org.br\/?p=65871"},"modified":"2023-04-18T13:55:29","modified_gmt":"2023-04-18T16:55:29","slug":"cra-rn-participa-do-2o-forum-de-presidentes-do-sistema-cfa-cras","status":"publish","type":"post","link":"https:\/\/crarn.org.br\/?p=65871","title":{"rendered":"CRA-RN participa do 2\u00ba F\u00f3rum de Presidentes do Sistema CFA\/CRAs"},"content":{"rendered":"\n<p>Hoje e amanh\u00e3 (13 e 14\/04), Fortaleza \u00e9 a capital da Administra\u00e7\u00e3o do pa\u00eds, quando re\u00fane dirigentes dos 27 regionais para o 2\u00ba F\u00f3rum de Presidentes do Sistema CFA\/CRAs.<\/p>\n<p>O presidente do CRA-RN, Adm. Fl\u00e1vio Em\u00edlio Cavalcanti, participa deste importante encontro, que conta com a presen\u00e7a dos dirigentes da executiva da autarquia, reunidos em torno de discuss\u00f5es sobre assuntos importantes, que definem os rumos da profiss\u00e3o no Brasil e orienta a gest\u00e3o dos regionais.<\/p>\n<p>Entre os pontos discutidos no evento, est\u00e3o a atualiza\u00e7\u00e3o de dados de cobran\u00e7a e negativa\u00e7\u00e3o; fiscaliza\u00e7\u00e3o de Pessoa Jur\u00eddica; cursos superiores de Tecnologia; Manual de Procedimentos; Controle de Execu\u00e7\u00e3o Or\u00e7ament\u00e1ria; valores das anuidades; acervo t\u00e9cnico; recupera\u00e7\u00e3o de cr\u00e9ditos; PRODER; Reinstala\u00e7\u00e3o da Frente Parlamentar de apoio aos Conselhos Profissionais, al\u00e9m de pautas informativa das c\u00e2maras e comiss\u00f5es do CFA.<\/p>\n<p>Para o presidente do CFA, Adm. Leonardo Macedo, o evento \u00e9 uma oportunidade para tratar e debater as demandas de todos os conselhos regionais. \u201cSer\u00e3o dias para valorizar a nossa profiss\u00e3o e conhecer as necessidades dos presidentes dos CRAs\u201d, destacou.<\/p>\n<p>O evento inicia com a reuni\u00e3o da Executiva Nacional do CFA, a chamada Direx. J\u00e1 o F\u00f3rum de Presidentes re\u00fane os presidentes de todos os 26 estados do Brasil e mais o Distrito Federal.<\/p>\n<p>\u00a0<\/p>\n<p>*Com informa\u00e7\u00f5es do www.cfa.org.br<\/p>\n<button class=\"simplefavorite-button\" data-postid=\"65871\" data-siteid=\"1\" data-groupid=\"1\" data-favoritecount=\"0\" style=\"\">Favorite <i class=\"sf-icon-star-empty\"><\/i><\/button>","protected":false},"excerpt":{"rendered":"<p>Hoje e amanh\u00e3 (13 e 14\/04), Fortaleza \u00e9 a capital da Administra\u00e7\u00e3o do pa\u00eds, quando re\u00fane dirigentes dos 27 regionais para o 2\u00ba F\u00f3rum de Presidentes do Sistema CFA\/CRAs. O presidente do CRA-RN, Adm. Fl\u00e1vio Em\u00edlio Cavalcanti, participa deste importante encontro, que conta com a presen\u00e7a dos dirigentes da executiva da autarquia, reunidos em torno<a class=\"read-more\" href=\"https:\/\/crarn.org.br\/?p=65871\"> [&hellip;]<\/a><\/p>\n","protected":false},"author":26,"featured_media":65907,"comment_status":"closed","ping_status":"open","sticky":true,"template":"","format":"standard","meta":{"_price":"","_stock":"","_tribe_ticket_header":"","_tribe_default_ticket_provider":"","_tribe_ticket_capacity":"0","_ticket_start_date":"","_ticket_end_date":"","_tribe_ticket_show_description":"","_tribe_ticket_show_not_going":false,"_tribe_ticket_use_global_stock":"","_tribe_ticket_global_stock_level":"","_global_stock_mode":"","_global_stock_cap":"","_tribe_rsvp_for_event":"","_tribe_ticket_going_count":"","_tribe_ticket_not_going_count":"","_tribe_tickets_list":"[]","_tribe_ticket_has_attendee_info_fields":false,"footnotes":"","_links_to":"","_links_to_target":""},"categories":[549,310,320,399,309],"tags":[],"class_list":["post-65871","post","type-post","status-publish","format-standard","has-post-thumbnail","hentry","category-ano-2023","category-destaque-grande","category-home","category-institucional","category-ultimas-noticias","entry","has-media"],"_links":{"self":[{"href":"https:\/\/crarn.org.br\/index.php?rest_route=\/wp\/v2\/posts\/65871","targetHints":{"allow":["GET"]}}],"collection":[{"href":"https:\/\/crarn.org.br\/index.php?rest_route=\/wp\/v2\/posts"}],"about":[{"href":"https:\/\/crarn.org.br\/index.php?rest_route=\/wp\/v2\/types\/post"}],"author":[{"embeddable":true,"href":"https:\/\/crarn.org.br\/index.php?rest_route=\/wp\/v2\/users\/26"}],"replies":[{"embeddable":true,"href":"https:\/\/crarn.org.br\/index.php?rest_route=%2Fwp%2Fv2%2Fcomments&post=65871"}],"version-history":[{"count":1,"href":"https:\/\/crarn.org.br\/index.php?rest_route=\/wp\/v2\/posts\/65871\/revisions"}],"predecessor-version":[{"id":65873,"href":"https:\/\/crarn.org.br\/index.php?rest_route=\/wp\/v2\/posts\/65871\/revisions\/65873"}],"wp:featuredmedia":[{"embeddable":true,"href":"https:\/\/crarn.org.br\/index.php?rest_route=\/wp\/v2\/media\/65907"}],"wp:attachment":[{"href":"https:\/\/crarn.org.br\/index.php?rest_route=%2Fwp%2Fv2%2Fmedia&parent=65871"}],"wp:term":[{"taxonomy":"category","embeddable":true,"href":"https:\/\/crarn.org.br\/index.php?rest_route=%2Fwp%2Fv2%2Fcategories&post=65871"},{"taxonomy":"post_tag","embeddable":true,"href":"https:\/\/crarn.org.br\/index.php?rest_route=%2Fwp%2Fv2%2Ftags&post=65871"}],"curies":[{"name":"wp","href":"https:\/\/api.w.org\/{rel}","templated":true}]}}