{"id":65867,"date":"2023-04-13T14:00:37","date_gmt":"2023-04-13T17:00:37","guid":{"rendered":"https:\/\/crarn.org.br\/?p=65867"},"modified":"2024-01-11T15:41:36","modified_gmt":"2024-01-11T18:41:36","slug":"presidente-do-cra-rn-faz-visita-tecnica-ao-cra-ce","status":"publish","type":"post","link":"https:\/\/crarn.org.br\/?p=65867","title":{"rendered":"Presidente do CRA-RN faz visita t\u00e9cnica ao CRA-CE"},"content":{"rendered":"\n<p>O presidente do CRA-RN, Adm. Fl\u00e1vio Em\u00edlio Cavalcanti, est\u00e1 em Fortaleza, onde participa do 2\u00ba F\u00f3rum de Presidentes do Sistema CFA\/CRAs.<\/p>\n<p>Em seu primeiro dia na cidade, nesta quarta-feira (12\/04), o presidente realizou uma visita t\u00e9cnica ao CRA-CE.<\/p>\n<p>No regional cearense, foi recebido pelo superintendente, Adm. Raphael Martins, com quem conversou sobre estrat\u00e9gias e trocou experi\u00eancias sobre Fiscaliza\u00e7\u00e3o e Registro, cobran\u00e7a, comunica\u00e7\u00e3o e Clube de Vantagens. A Fiscaliza\u00e7\u00e3o de cargos comissionados que exercem atividades privativas da administra\u00e7\u00e3o foi o destaque, pois poder\u00e1 abrir mais espa\u00e7os de trabalho para os profissionais de administra\u00e7\u00e3o na gest\u00e3o p\u00fablica.<\/p>\n<p>A visita foi feita em conjunto com o presidente do CRA-RO, Adm. Edney Costa Souza e com o presidente e Diretor Administrativo Financeiro do CRA- SE, Adm.Carlos Eloy Filho\u00a0 e Adm. Gildson Mendes de Farias, respectivamente.<\/p>\n<p>O presidente Fl\u00e1vio Em\u00edlio saiu bastante entusiasmado com a visita. \u201cFoi uma grande oportunidade de conhecer outros regionais, seus processos de condu\u00e7\u00e3o do trabalho e trocar de experi\u00eancias, absorvendo novos m\u00e9todos, o que abre os horizontes e enriquece a nossa de gest\u00e3o\u201d, explicou.<\/p>\n<button class=\"simplefavorite-button\" data-postid=\"65867\" data-siteid=\"1\" data-groupid=\"1\" data-favoritecount=\"0\" style=\"\">Favorite <i class=\"sf-icon-star-empty\"><\/i><\/button>","protected":false},"excerpt":{"rendered":"<p>O presidente do CRA-RN, Adm. Fl\u00e1vio Em\u00edlio Cavalcanti, est\u00e1 em Fortaleza, onde participa do 2\u00ba F\u00f3rum de Presidentes do Sistema CFA\/CRAs. Em seu primeiro dia na cidade, nesta quarta-feira (12\/04), o presidente realizou uma visita t\u00e9cnica ao CRA-CE. No regional cearense, foi recebido pelo superintendente, Adm. Raphael Martins, com quem conversou sobre estrat\u00e9gias e trocou<a class=\"read-more\" href=\"https:\/\/crarn.org.br\/?p=65867\"> [&hellip;]<\/a><\/p>\n","protected":false},"author":26,"featured_media":65868,"comment_status":"closed","ping_status":"open","sticky":false,"template":"","format":"standard","meta":{"_price":"","_stock":"","_tribe_ticket_header":"","_tribe_default_ticket_provider":"","_tribe_ticket_capacity":"0","_ticket_start_date":"","_ticket_end_date":"","_tribe_ticket_show_description":"","_tribe_ticket_show_not_going":false,"_tribe_ticket_use_global_stock":"","_tribe_ticket_global_stock_level":"","_global_stock_mode":"","_global_stock_cap":"","_tribe_rsvp_for_event":"","_tribe_ticket_going_count":"","_tribe_ticket_not_going_count":"","_tribe_tickets_list":"[]","_tribe_ticket_has_attendee_info_fields":false,"footnotes":"","_links_to":"","_links_to_target":""},"categories":[549,310,311,320,309],"tags":[],"class_list":["post-65867","post","type-post","status-publish","format-standard","has-post-thumbnail","hentry","category-ano-2023","category-destaque-grande","category-destaque-pequeno-superior","category-home","category-ultimas-noticias","entry","has-media"],"_links":{"self":[{"href":"https:\/\/crarn.org.br\/index.php?rest_route=\/wp\/v2\/posts\/65867","targetHints":{"allow":["GET"]}}],"collection":[{"href":"https:\/\/crarn.org.br\/index.php?rest_route=\/wp\/v2\/posts"}],"about":[{"href":"https:\/\/crarn.org.br\/index.php?rest_route=\/wp\/v2\/types\/post"}],"author":[{"embeddable":true,"href":"https:\/\/crarn.org.br\/index.php?rest_route=\/wp\/v2\/users\/26"}],"replies":[{"embeddable":true,"href":"https:\/\/crarn.org.br\/index.php?rest_route=%2Fwp%2Fv2%2Fcomments&post=65867"}],"version-history":[{"count":2,"href":"https:\/\/crarn.org.br\/index.php?rest_route=\/wp\/v2\/posts\/65867\/revisions"}],"predecessor-version":[{"id":66413,"href":"https:\/\/crarn.org.br\/index.php?rest_route=\/wp\/v2\/posts\/65867\/revisions\/66413"}],"wp:featuredmedia":[{"embeddable":true,"href":"https:\/\/crarn.org.br\/index.php?rest_route=\/wp\/v2\/media\/65868"}],"wp:attachment":[{"href":"https:\/\/crarn.org.br\/index.php?rest_route=%2Fwp%2Fv2%2Fmedia&parent=65867"}],"wp:term":[{"taxonomy":"category","embeddable":true,"href":"https:\/\/crarn.org.br\/index.php?rest_route=%2Fwp%2Fv2%2Fcategories&post=65867"},{"taxonomy":"post_tag","embeddable":true,"href":"https:\/\/crarn.org.br\/index.php?rest_route=%2Fwp%2Fv2%2Ftags&post=65867"}],"curies":[{"name":"wp","href":"https:\/\/api.w.org\/{rel}","templated":true}]}}