{"id":65850,"date":"2023-04-11T16:43:13","date_gmt":"2023-04-11T19:43:13","guid":{"rendered":"https:\/\/crarn.org.br\/?p=65850"},"modified":"2023-04-11T16:43:15","modified_gmt":"2023-04-11T19:43:15","slug":"gestao-de-rh-e-campo-privativo-do-profissional-de-administracao","status":"publish","type":"post","link":"https:\/\/crarn.org.br\/?p=65850","title":{"rendered":"Gest\u00e3o de RH \u00e9 campo privativo do profissional de Administra\u00e7\u00e3o"},"content":{"rendered":"\n<p>A \u00e1rea de fiscaliza\u00e7\u00e3o do CRA-RN vem atuando fortemente junto a empresas empregadoras com a finalidade de fazer cumprir o que determina a lei que cria e regulamenta a profiss\u00e3o do Administrador.<br \/>\u00a0<br \/>Uma recente conquista obtida, refor\u00e7a que o exerc\u00edcio do cargo de gest\u00e3o em recursos humanos \u00e9 privativo do profissional de administra\u00e7\u00e3o, com registro no Conselho Regional de Administra\u00e7\u00e3o.<br \/>\u00a0<br \/>Esta conquista do regional do RN se soma \u00e0s in\u00fameras a\u00e7\u00f5es em v\u00e1rios estados e acompanha os entendimentos do judici\u00e1rio de que RH \u00e9, sim, campo privativo da Administra\u00e7\u00e3o.<br \/>\u00a0<br \/>De acordo com a diretora da \u00e1rea de Fiscaliza\u00e7\u00e3o, Adm. Kate Maciel, com esta conquista, o CRA-RN se fortalece para buscar o cumprimento da legisla\u00e7\u00e3o em outras empresas, no \u00e2mbito da gest\u00e3o em RH. \u201cNovas fiscaliza\u00e7\u00f5es ser\u00e3o realizadas, com o objetivo de identificar quais os profissionais que est\u00e3o \u00e0 frente da \u00e1rea de RH, para que a gente possa proteger e valorizar o exerc\u00edcio legal da profiss\u00e3o de administrador. Al\u00e9m de nos estimular, serve de refer\u00eancia para novas fiscaliza\u00e7\u00f5es que est\u00e3o em andamento, at\u00e9 por outros regionais\u201d, destacou.<\/p>\n<button class=\"simplefavorite-button\" data-postid=\"65850\" data-siteid=\"1\" data-groupid=\"1\" data-favoritecount=\"1\" style=\"\">Favorite <i class=\"sf-icon-star-empty\"><\/i><\/button>","protected":false},"excerpt":{"rendered":"<p>A \u00e1rea de fiscaliza\u00e7\u00e3o do CRA-RN vem atuando fortemente junto a empresas empregadoras com a finalidade de fazer cumprir o que determina a lei que cria e regulamenta a profiss\u00e3o do Administrador.\u00a0Uma recente conquista obtida, refor\u00e7a que o exerc\u00edcio do cargo de gest\u00e3o em recursos humanos \u00e9 privativo do profissional de administra\u00e7\u00e3o, com registro no<a class=\"read-more\" href=\"https:\/\/crarn.org.br\/?p=65850\"> [&hellip;]<\/a><\/p>\n","protected":false},"author":26,"featured_media":65851,"comment_status":"closed","ping_status":"open","sticky":true,"template":"","format":"standard","meta":{"_price":"","_stock":"","_tribe_ticket_header":"","_tribe_default_ticket_provider":"","_tribe_ticket_capacity":"0","_ticket_start_date":"","_ticket_end_date":"","_tribe_ticket_show_description":"","_tribe_ticket_show_not_going":false,"_tribe_ticket_use_global_stock":"","_tribe_ticket_global_stock_level":"","_global_stock_mode":"","_global_stock_cap":"","_tribe_rsvp_for_event":"","_tribe_ticket_going_count":"","_tribe_ticket_not_going_count":"","_tribe_tickets_list":"[]","_tribe_ticket_has_attendee_info_fields":false,"footnotes":"","_links_to":"","_links_to_target":""},"categories":[549,310,320,399,309],"tags":[],"class_list":["post-65850","post","type-post","status-publish","format-standard","has-post-thumbnail","hentry","category-ano-2023","category-destaque-grande","category-home","category-institucional","category-ultimas-noticias","entry","has-media"],"_links":{"self":[{"href":"https:\/\/crarn.org.br\/index.php?rest_route=\/wp\/v2\/posts\/65850","targetHints":{"allow":["GET"]}}],"collection":[{"href":"https:\/\/crarn.org.br\/index.php?rest_route=\/wp\/v2\/posts"}],"about":[{"href":"https:\/\/crarn.org.br\/index.php?rest_route=\/wp\/v2\/types\/post"}],"author":[{"embeddable":true,"href":"https:\/\/crarn.org.br\/index.php?rest_route=\/wp\/v2\/users\/26"}],"replies":[{"embeddable":true,"href":"https:\/\/crarn.org.br\/index.php?rest_route=%2Fwp%2Fv2%2Fcomments&post=65850"}],"version-history":[{"count":1,"href":"https:\/\/crarn.org.br\/index.php?rest_route=\/wp\/v2\/posts\/65850\/revisions"}],"predecessor-version":[{"id":65852,"href":"https:\/\/crarn.org.br\/index.php?rest_route=\/wp\/v2\/posts\/65850\/revisions\/65852"}],"wp:featuredmedia":[{"embeddable":true,"href":"https:\/\/crarn.org.br\/index.php?rest_route=\/wp\/v2\/media\/65851"}],"wp:attachment":[{"href":"https:\/\/crarn.org.br\/index.php?rest_route=%2Fwp%2Fv2%2Fmedia&parent=65850"}],"wp:term":[{"taxonomy":"category","embeddable":true,"href":"https:\/\/crarn.org.br\/index.php?rest_route=%2Fwp%2Fv2%2Fcategories&post=65850"},{"taxonomy":"post_tag","embeddable":true,"href":"https:\/\/crarn.org.br\/index.php?rest_route=%2Fwp%2Fv2%2Ftags&post=65850"}],"curies":[{"name":"wp","href":"https:\/\/api.w.org\/{rel}","templated":true}]}}