{"id":65845,"date":"2023-04-10T12:55:27","date_gmt":"2023-04-10T15:55:27","guid":{"rendered":"https:\/\/crarn.org.br\/?p=65845"},"modified":"2023-04-10T12:55:28","modified_gmt":"2023-04-10T15:55:28","slug":"conheca-o-trabalho-desenvolvido-pelas-comissoes-especiais-em-uma-serie-de-reportagens","status":"publish","type":"post","link":"https:\/\/crarn.org.br\/?p=65845","title":{"rendered":"Conhe\u00e7a o trabalho desenvolvido pelas Comiss\u00f5es Especiais em uma s\u00e9rie de reportagens"},"content":{"rendered":"\n<p>Nas \u00faltimas semanas os grupos das Comiss\u00f5es Especiais do Conselho Federal de Administra\u00e7\u00e3o t\u00eam trabalhado de forma ass\u00eddua para garantir aos profissionais de administra\u00e7\u00e3o de todo o pa\u00eds o exerc\u00edcio legal da profiss\u00e3o e um mercado de trabalho cada vez mais amplo.<\/p>\n<p>Ao todo o CFA conta atualmente com oito comiss\u00f5es especiais e esse n\u00famero pode aumentar ainda mais com o avan\u00e7o dos trabalhos. Com total transpar\u00eancia todos os interessados podem acompanhar de perto os trabalhos desenvolvidos e o planejamento das Comiss\u00f5es para o pr\u00f3ximo bi\u00eanio.\u00a0<\/p>\n<p>O CFA\u00a0 produziu uma s\u00e9rie de mat\u00e9rias no site para apresentar as Comiss\u00f5es Especiais. Confira:\u00a0<\/p>\n<ul>\n<li>Saiba mais sobre a Comiss\u00e3o Especial de Administra\u00e7\u00e3o de Condom\u00ednios e os planos para o bi\u00eanio<\/li>\n<\/ul>\n<p><a href=\"https:\/\/cfa.org.br\/comissao-especial-de-administracao-de-condominios-inicia-agenda-de-reunioes\/\">https:\/\/cfa.org.br\/comissao-especial-de-administracao-de-condominios-inicia-agenda-de-reunioes\/<\/a><\/p>\n<ul>\n<li>Conhe\u00e7a tudo sobre a Comiss\u00e3o Especial das Mulheres Profissionais de Administra\u00e7\u00e3o.\u00a0<\/li>\n<\/ul>\n<p><a href=\"https:\/\/cfa.org.br\/comissao-especial-das-mulheres-profissionais-de-administracao-define-metas-para-2023\/\">https:\/\/cfa.org.br\/comissao-especial-das-mulheres-profissionais-de-administracao-define-metas-para-2023\/<\/a><\/p>\n<ul>\n<li>Acompanhe de perto tudo sobre a Comiss\u00e3o Especial de Media\u00e7\u00e3o e Arbitragem<\/li>\n<\/ul>\n<p><a href=\"https:\/\/cfa.org.br\/comissao-especial-de-mediacao-e-arbitragem-quer-ampliar-conhecimento-e-atuacao-na-area\/\">https:\/\/cfa.org.br\/comissao-especial-de-mediacao-e-arbitragem-quer-ampliar-conhecimento-e-atuacao-na-area\/<\/a><\/p>\n<ul>\n<li>N\u00e3o perca nada sobre a Comiss\u00e3o Especial de Per\u00edcia e Administra\u00e7\u00e3o Judicial<\/li>\n<\/ul>\n<p><a href=\"https:\/\/cfa.org.br\/comissao-especial-de-pericia-e-administracao-judicial-define-metas-para-proximo-bienio\/\">https:\/\/cfa.org.br\/comissao-especial-de-pericia-e-administracao-judicial-define-metas-para-proximo-bienio\/<\/a><\/p>\n<ul>\n<li>Confira todos os detalhes sobre a Comiss\u00e3o Especial de Apoio aos Regionais<\/li>\n<\/ul>\n<p><a href=\"https:\/\/cfa.org.br\/comissao-especial-de-apoio-aos-regionais-propoe-plano-de-melhoria-da-gestao\/\">https:\/\/cfa.org.br\/comissao-especial-de-apoio-aos-regionais-propoe-plano-de-melhoria-da-gestao\/<\/a><\/p>\n<ul>\n<li>Fique por dentro do trabalho da Comiss\u00e3o Especial de Gest\u00e3o de Servi\u00e7os em Sa\u00fade<\/li>\n<\/ul>\n<p><a href=\"https:\/\/cfa.org.br\/comissao-especial-de-gestao-de-servicos-em-saude-trabalha-em-busca-de-oportunidades-para-o-setor\/\">https:\/\/cfa.org.br\/comissao-especial-de-gestao-de-servicos-em-saude-trabalha-em-busca-de-oportunidades-para-o-setor\/<\/a><\/p>\n<p>\u00a0<\/p>\n<p>*Com informa\u00e7\u00f5es do site www.crarn.org.br<\/p>\n<p>\u00a0<\/p>\n<button class=\"simplefavorite-button\" data-postid=\"65845\" data-siteid=\"1\" data-groupid=\"1\" data-favoritecount=\"0\" style=\"\">Favorite <i class=\"sf-icon-star-empty\"><\/i><\/button>","protected":false},"excerpt":{"rendered":"<p>Nas \u00faltimas semanas os grupos das Comiss\u00f5es Especiais do Conselho Federal de Administra\u00e7\u00e3o t\u00eam trabalhado de forma ass\u00eddua para garantir aos profissionais de administra\u00e7\u00e3o de todo o pa\u00eds o exerc\u00edcio legal da profiss\u00e3o e um mercado de trabalho cada vez mais amplo. Ao todo o CFA conta atualmente com oito comiss\u00f5es especiais e esse n\u00famero<a class=\"read-more\" href=\"https:\/\/crarn.org.br\/?p=65845\"> [&hellip;]<\/a><\/p>\n","protected":false},"author":26,"featured_media":65846,"comment_status":"closed","ping_status":"open","sticky":true,"template":"","format":"standard","meta":{"_price":"","_stock":"","_tribe_ticket_header":"","_tribe_default_ticket_provider":"","_tribe_ticket_capacity":"0","_ticket_start_date":"","_ticket_end_date":"","_tribe_ticket_show_description":"","_tribe_ticket_show_not_going":false,"_tribe_ticket_use_global_stock":"","_tribe_ticket_global_stock_level":"","_global_stock_mode":"","_global_stock_cap":"","_tribe_rsvp_for_event":"","_tribe_ticket_going_count":"","_tribe_ticket_not_going_count":"","_tribe_tickets_list":"[]","_tribe_ticket_has_attendee_info_fields":false,"footnotes":"","_links_to":"","_links_to_target":""},"categories":[549,426,312,320,399,309],"tags":[],"class_list":["post-65845","post","type-post","status-publish","format-standard","has-post-thumbnail","hentry","category-ano-2023","category-cfa","category-destaque-pequeno-inferior","category-home","category-institucional","category-ultimas-noticias","entry","has-media"],"_links":{"self":[{"href":"https:\/\/crarn.org.br\/index.php?rest_route=\/wp\/v2\/posts\/65845","targetHints":{"allow":["GET"]}}],"collection":[{"href":"https:\/\/crarn.org.br\/index.php?rest_route=\/wp\/v2\/posts"}],"about":[{"href":"https:\/\/crarn.org.br\/index.php?rest_route=\/wp\/v2\/types\/post"}],"author":[{"embeddable":true,"href":"https:\/\/crarn.org.br\/index.php?rest_route=\/wp\/v2\/users\/26"}],"replies":[{"embeddable":true,"href":"https:\/\/crarn.org.br\/index.php?rest_route=%2Fwp%2Fv2%2Fcomments&post=65845"}],"version-history":[{"count":1,"href":"https:\/\/crarn.org.br\/index.php?rest_route=\/wp\/v2\/posts\/65845\/revisions"}],"predecessor-version":[{"id":65847,"href":"https:\/\/crarn.org.br\/index.php?rest_route=\/wp\/v2\/posts\/65845\/revisions\/65847"}],"wp:featuredmedia":[{"embeddable":true,"href":"https:\/\/crarn.org.br\/index.php?rest_route=\/wp\/v2\/media\/65846"}],"wp:attachment":[{"href":"https:\/\/crarn.org.br\/index.php?rest_route=%2Fwp%2Fv2%2Fmedia&parent=65845"}],"wp:term":[{"taxonomy":"category","embeddable":true,"href":"https:\/\/crarn.org.br\/index.php?rest_route=%2Fwp%2Fv2%2Fcategories&post=65845"},{"taxonomy":"post_tag","embeddable":true,"href":"https:\/\/crarn.org.br\/index.php?rest_route=%2Fwp%2Fv2%2Ftags&post=65845"}],"curies":[{"name":"wp","href":"https:\/\/api.w.org\/{rel}","templated":true}]}}