{"id":65835,"date":"2023-04-04T12:34:17","date_gmt":"2023-04-04T15:34:17","guid":{"rendered":"https:\/\/crarn.org.br\/?p=65835"},"modified":"2023-04-04T12:34:19","modified_gmt":"2023-04-04T15:34:19","slug":"cra-rn-marca-presenca-na-colacao-de-grau-da-fcst","status":"publish","type":"post","link":"https:\/\/crarn.org.br\/?p=65835","title":{"rendered":"CRA-RN marca presen\u00e7a na Cola\u00e7\u00e3o de Grau da FCST"},"content":{"rendered":"\n<p>Na \u00faltima sexta-feira (31\/03), o CRA-RN esteve presente na Solenidade de Cola\u00e7\u00e3o de Grau da turma de Administra\u00e7\u00e3o, da Faculdade Cat\u00f3lica Santa Teresinha, em Caic\u00f3, atrav\u00e9s de seu representante na cidade, Adm. Pablo Phorlan.<\/p>\n<p>\u00a0<\/p>\n<p>A cerim\u00f4nia foi realizada no audit\u00f3rio da UFRN e colaram grau, doze alunos do curso de bacharelado em administra\u00e7\u00e3o.<\/p>\n<p>\u00a0<\/p>\n<p>A participa\u00e7\u00e3o do CRA-RN nas cerim\u00f4nias de Cola\u00e7\u00e3o de Grau \u00a0de Administra\u00e7\u00e3o e cursos correlatos, faz parte do projeto do regional de aproxima\u00e7\u00e3o com os futuros profissionais.<\/p>\n<button class=\"simplefavorite-button\" data-postid=\"65835\" data-siteid=\"1\" data-groupid=\"1\" data-favoritecount=\"0\" style=\"\">Favorite <i class=\"sf-icon-star-empty\"><\/i><\/button>","protected":false},"excerpt":{"rendered":"<p>Na \u00faltima sexta-feira (31\/03), o CRA-RN esteve presente na Solenidade de Cola\u00e7\u00e3o de Grau da turma de Administra\u00e7\u00e3o, da Faculdade Cat\u00f3lica Santa Teresinha, em Caic\u00f3, atrav\u00e9s de seu representante na cidade, Adm. Pablo Phorlan. \u00a0 A cerim\u00f4nia foi realizada no audit\u00f3rio da UFRN e colaram grau, doze alunos do curso de bacharelado em administra\u00e7\u00e3o. \u00a0<a class=\"read-more\" href=\"https:\/\/crarn.org.br\/?p=65835\"> [&hellip;]<\/a><\/p>\n","protected":false},"author":26,"featured_media":65837,"comment_status":"closed","ping_status":"open","sticky":false,"template":"","format":"standard","meta":{"_price":"","_stock":"","_tribe_ticket_header":"","_tribe_default_ticket_provider":"","_tribe_ticket_capacity":"0","_ticket_start_date":"","_ticket_end_date":"","_tribe_ticket_show_description":"","_tribe_ticket_show_not_going":false,"_tribe_ticket_use_global_stock":"","_tribe_ticket_global_stock_level":"","_global_stock_mode":"","_global_stock_cap":"","_tribe_rsvp_for_event":"","_tribe_ticket_going_count":"","_tribe_ticket_not_going_count":"","_tribe_tickets_list":"[]","_tribe_ticket_has_attendee_info_fields":false,"footnotes":"","_links_to":"","_links_to_target":""},"categories":[549,311,320,399,309],"tags":[],"class_list":["post-65835","post","type-post","status-publish","format-standard","has-post-thumbnail","hentry","category-ano-2023","category-destaque-pequeno-superior","category-home","category-institucional","category-ultimas-noticias","entry","has-media"],"_links":{"self":[{"href":"https:\/\/crarn.org.br\/index.php?rest_route=\/wp\/v2\/posts\/65835","targetHints":{"allow":["GET"]}}],"collection":[{"href":"https:\/\/crarn.org.br\/index.php?rest_route=\/wp\/v2\/posts"}],"about":[{"href":"https:\/\/crarn.org.br\/index.php?rest_route=\/wp\/v2\/types\/post"}],"author":[{"embeddable":true,"href":"https:\/\/crarn.org.br\/index.php?rest_route=\/wp\/v2\/users\/26"}],"replies":[{"embeddable":true,"href":"https:\/\/crarn.org.br\/index.php?rest_route=%2Fwp%2Fv2%2Fcomments&post=65835"}],"version-history":[{"count":1,"href":"https:\/\/crarn.org.br\/index.php?rest_route=\/wp\/v2\/posts\/65835\/revisions"}],"predecessor-version":[{"id":65838,"href":"https:\/\/crarn.org.br\/index.php?rest_route=\/wp\/v2\/posts\/65835\/revisions\/65838"}],"wp:featuredmedia":[{"embeddable":true,"href":"https:\/\/crarn.org.br\/index.php?rest_route=\/wp\/v2\/media\/65837"}],"wp:attachment":[{"href":"https:\/\/crarn.org.br\/index.php?rest_route=%2Fwp%2Fv2%2Fmedia&parent=65835"}],"wp:term":[{"taxonomy":"category","embeddable":true,"href":"https:\/\/crarn.org.br\/index.php?rest_route=%2Fwp%2Fv2%2Fcategories&post=65835"},{"taxonomy":"post_tag","embeddable":true,"href":"https:\/\/crarn.org.br\/index.php?rest_route=%2Fwp%2Fv2%2Ftags&post=65835"}],"curies":[{"name":"wp","href":"https:\/\/api.w.org\/{rel}","templated":true}]}}