{"id":65808,"date":"2023-03-30T15:59:03","date_gmt":"2023-03-30T18:59:03","guid":{"rendered":"https:\/\/crarn.org.br\/?p=65808"},"modified":"2023-03-30T16:03:26","modified_gmt":"2023-03-30T19:03:26","slug":"cra-rn-fala-sobre-a-profissao-a-estudantes-de-currais-novos","status":"publish","type":"post","link":"https:\/\/crarn.org.br\/?p=65808","title":{"rendered":"CRA-RN fala sobre a profiss\u00e3o \u00e0 estudantes de Currais Novos"},"content":{"rendered":"\n<p>Na noite da \u00faltima ter\u00e7a-feira (28\/03), o conselheiro do CRA-RN, Adm. Di\u00eago Dantas, representou o regional junto aos alunos do 1\u00b0 per\u00edodo do curso de Administra\u00e7\u00e3o do FELCS\/UFRN, em Currais Novos.<\/p>\n<p>Atendendo ao convite do professor Adm. Marcelo Henrique, o conselheiro falou sobre \u201cA Profiss\u00e3o do Administrador e seu Campo de Atua\u00e7\u00e3o\u201d, quando levou informa\u00e7\u00f5es sobre a regulamenta\u00e7\u00e3o da profiss\u00e3o, o funcionamento e estrutura do Sistema CFA\/CRA e as possibilidades de trabalho para o profissional de administra\u00e7\u00e3o, dentro dos v\u00e1rios campos de atua\u00e7\u00e3o.<\/p>\n<p>O CRA-RN agradece e parabeniza o professor Adm. Marcelo Henrique pela iniciativa de proporcionar esse momento, levando informa\u00e7\u00f5es t\u00e3o importantes para os futuros profissionais.<\/p>\n<p>\u00a0<\/p>\n<button class=\"simplefavorite-button\" data-postid=\"65808\" data-siteid=\"1\" data-groupid=\"1\" data-favoritecount=\"0\" style=\"\">Favorite <i class=\"sf-icon-star-empty\"><\/i><\/button>","protected":false},"excerpt":{"rendered":"<p>Na noite da \u00faltima ter\u00e7a-feira (28\/03), o conselheiro do CRA-RN, Adm. Di\u00eago Dantas, representou o regional junto aos alunos do 1\u00b0 per\u00edodo do curso de Administra\u00e7\u00e3o do FELCS\/UFRN, em Currais Novos. Atendendo ao convite do professor Adm. Marcelo Henrique, o conselheiro falou sobre \u201cA Profiss\u00e3o do Administrador e seu Campo de Atua\u00e7\u00e3o\u201d, quando levou informa\u00e7\u00f5es<a class=\"read-more\" href=\"https:\/\/crarn.org.br\/?p=65808\"> [&hellip;]<\/a><\/p>\n","protected":false},"author":26,"featured_media":65809,"comment_status":"closed","ping_status":"open","sticky":true,"template":"","format":"standard","meta":{"_price":"","_stock":"","_tribe_ticket_header":"","_tribe_default_ticket_provider":"","_tribe_ticket_capacity":"0","_ticket_start_date":"","_ticket_end_date":"","_tribe_ticket_show_description":"","_tribe_ticket_show_not_going":false,"_tribe_ticket_use_global_stock":"","_tribe_ticket_global_stock_level":"","_global_stock_mode":"","_global_stock_cap":"","_tribe_rsvp_for_event":"","_tribe_ticket_going_count":"","_tribe_ticket_not_going_count":"","_tribe_tickets_list":"[]","_tribe_ticket_has_attendee_info_fields":false,"footnotes":"","_links_to":"","_links_to_target":""},"categories":[549,312,320,309],"tags":[],"class_list":["post-65808","post","type-post","status-publish","format-standard","has-post-thumbnail","hentry","category-ano-2023","category-destaque-pequeno-inferior","category-home","category-ultimas-noticias","entry","has-media"],"_links":{"self":[{"href":"https:\/\/crarn.org.br\/index.php?rest_route=\/wp\/v2\/posts\/65808","targetHints":{"allow":["GET"]}}],"collection":[{"href":"https:\/\/crarn.org.br\/index.php?rest_route=\/wp\/v2\/posts"}],"about":[{"href":"https:\/\/crarn.org.br\/index.php?rest_route=\/wp\/v2\/types\/post"}],"author":[{"embeddable":true,"href":"https:\/\/crarn.org.br\/index.php?rest_route=\/wp\/v2\/users\/26"}],"replies":[{"embeddable":true,"href":"https:\/\/crarn.org.br\/index.php?rest_route=%2Fwp%2Fv2%2Fcomments&post=65808"}],"version-history":[{"count":1,"href":"https:\/\/crarn.org.br\/index.php?rest_route=\/wp\/v2\/posts\/65808\/revisions"}],"predecessor-version":[{"id":65810,"href":"https:\/\/crarn.org.br\/index.php?rest_route=\/wp\/v2\/posts\/65808\/revisions\/65810"}],"wp:featuredmedia":[{"embeddable":true,"href":"https:\/\/crarn.org.br\/index.php?rest_route=\/wp\/v2\/media\/65809"}],"wp:attachment":[{"href":"https:\/\/crarn.org.br\/index.php?rest_route=%2Fwp%2Fv2%2Fmedia&parent=65808"}],"wp:term":[{"taxonomy":"category","embeddable":true,"href":"https:\/\/crarn.org.br\/index.php?rest_route=%2Fwp%2Fv2%2Fcategories&post=65808"},{"taxonomy":"post_tag","embeddable":true,"href":"https:\/\/crarn.org.br\/index.php?rest_route=%2Fwp%2Fv2%2Ftags&post=65808"}],"curies":[{"name":"wp","href":"https:\/\/api.w.org\/{rel}","templated":true}]}}